{"id":4293,"date":"2025-07-10T17:04:37","date_gmt":"2025-07-10T15:04:37","guid":{"rendered":"https:\/\/confluencedesdroits-larevue.com\/?p=4293"},"modified":"2025-07-10T17:50:09","modified_gmt":"2025-07-10T15:50:09","slug":"dossier-definitions-et-concepts-du-biodroit","status":"publish","type":"post","link":"https:\/\/confluencedesdroits-larevue.com\/?p=4293","title":{"rendered":"Dossier D\u00e9finitions et concepts du biodroit"},"content":{"rendered":"\n<div style=\"height:35px\" aria-hidden=\"true\" class=\"wp-block-spacer\"><\/div>\n\n\n\n<p>coordonn\u00e9 par Aur\u00e9lie Mahalatchimy, <em>Charg\u00e9e de recherche au CNRS en droit, Aix Marseille Univ, CNRS, DICE, CERIC, Aix-en-Provence, France<\/em><\/p>\n\n\n\n<p>Xavier Magnon, <em>Professeur de droit public, Aix Marseille Univ, CNRS, DICE, ILF, Aix-en-Provence, France<\/em><\/p>\n\n\n\n<p>et Marie Glinel, <em>Ma\u00eetre de conf\u00e9rences en droit public \u00e0 l\u2019Universit\u00e9 Lyon&nbsp;II Lumi\u00e8re<\/em><\/p>\n\n\n\n<div class=\"wp-block-group alignwide is-layout-constrained wp-block-group-is-layout-constrained\"><div class=\"wp-block-group__inner-container\">\n<div style=\"height:5px\" aria-hidden=\"true\" class=\"wp-block-spacer\"><\/div>\n\n\n\n<div style=\"height:20px\" aria-hidden=\"true\" class=\"wp-block-spacer\"><\/div>\n\n\n\n<p class=\"has-text-align-justify has-background\" style=\"background-color:#ededed\">Les concepts et les d\u00e9finitions jouent un r\u00f4le central en droit, car ils permettent de nommer et de d\u00e9crire, d\u00e9limiter une chose r\u00e9elle ou fictive, et de s\u2019assurer d\u2019une compr\u00e9hension commune \u00e0 son sujet, en vue de la qualifier pour lui associer un r\u00e9gime juridique. Dans le domaine du biodroit, les d\u00e9finitions et les concepts soul\u00e8vent des enjeux particuliers, rarement \u00e9tudi\u00e9s de fa\u00e7on frontale et transversale par la doctrine alors qu\u2019ils sont d\u00e9cisifs face \u00e0 des pratiques scientifiques \u00e9volutives et pas toujours consensuelles. \u00c9tablir des d\u00e9finitions constitue un enjeu majeur pour le biodroit afin de saisir de mani\u00e8re satisfaisante ces pratiques et d\u2019analyser un ensemble de probl\u00e8mes concrets. Alors que la litt\u00e9rature juridique se concentre g\u00e9n\u00e9ralement sur les r\u00e9gimes juridiques \u00e0 adopter et sur les d\u00e9fis pos\u00e9s par les innovations biotechnologiques, ce dossier se concentre sur la mani\u00e8re dont la r\u00e9glementation les d\u00e9finit ou non, et sur les cons\u00e9quences des d\u00e9finitions et concepts sur le d\u00e9veloppement de ces innovations.<br><br>En s\u2019appuyant sur des conventions de langage propos\u00e9es aux contributeurs afin de structurer les \u00e9changes et la compr\u00e9hension du sujet, et sur les fondements du projet ANR I-BioLex, ce dossier est construit sur la base de trois orientations principales&nbsp;: 1\/ Le biodroit est entendu au sens large. 2\/ Plusieurs ordres juridiques sont couverts. 3\/ Des analyses de droit positif sur une ou plusieurs d\u00e9finitions ou concepts du biodroit sont combin\u00e9es \u00e0 des analyses de la science du droit, plus transversales et relatives \u00e0 des r\u00e9flexions sur l\u2019ensemble ou plusieurs de ces d\u00e9finitions ou concepts.<br><br>Enfin, ce dossier est voulu dynamique, afin de tenir compte du lien temporel particulier existant entre le droit et les innovations biotechnologiques. Les coordinateurs invitent donc la communaut\u00e9 francophone et anglophone des sciences juridiques et des \u00e9tudes en science et technologie \u00e0 le compl\u00e9ter et \u00e0 le faire \u00e9voluer dans cet espace ouvert \u00e0 tous.<\/p>\n\n\n\n<div style=\"height:16px\" aria-hidden=\"true\" class=\"wp-block-spacer\"><\/div>\n<\/div><\/div>\n\n\n\n<figure class=\"wp-block-embed is-type-wp-embed is-provider-confluence-des-droits-la-revue wp-block-embed-confluence-des-droits-la-revue\"><div class=\"wp-block-embed__wrapper\">\n<blockquote class=\"wp-embedded-content\" data-secret=\"WqC1Ao1SPq\"><a href=\"https:\/\/confluencedesdroits-larevue.com\/?p=4175\">Aur\u00e9lie Mahalatchimy, Xavier Magnon, Marie Glinel \u2013 Pourquoi un\u00a0dossier sur les d\u00e9finitions et les concepts du\u00a0biodroit\u00a0?<\/a><\/blockquote><iframe class=\"wp-embedded-content\" sandbox=\"allow-scripts\" security=\"restricted\" style=\"position: absolute; clip: rect(1px, 1px, 1px, 1px);\" title=\"\u00ab\u00a0Aur\u00e9lie Mahalatchimy, Xavier Magnon, Marie Glinel \u2013 Pourquoi un\u00a0dossier sur les d\u00e9finitions et les concepts du\u00a0biodroit\u00a0?\u00a0\u00bb &#8212; Confluence des droits_La revue\" src=\"https:\/\/confluencedesdroits-larevue.com\/?p=4175&#038;embed=true#?secret=3xo0fc7GXm#?secret=WqC1Ao1SPq\" data-secret=\"WqC1Ao1SPq\" width=\"600\" height=\"338\" frameborder=\"0\" marginwidth=\"0\" marginheight=\"0\" scrolling=\"no\"><\/iframe>\n<\/div><\/figure>\n\n\n\n<hr class=\"wp-block-separator has-alpha-channel-opacity\"\/>\n\n\n\n<figure class=\"wp-block-embed is-type-wp-embed is-provider-confluence-des-droits-la-revue wp-block-embed-confluence-des-droits-la-revue\"><div class=\"wp-block-embed__wrapper\">\n<blockquote class=\"wp-embedded-content\" data-secret=\"c7AhFKSKv6\"><a href=\"https:\/\/confluencedesdroits-larevue.com\/?p=4176\">Audrey Lebret \u2013 Unravelling Challenges of European Legal Approaches and Definitions of SoHO in Shaping Biomedical Innovation<\/a><\/blockquote><iframe class=\"wp-embedded-content\" sandbox=\"allow-scripts\" security=\"restricted\" style=\"position: absolute; clip: rect(1px, 1px, 1px, 1px);\" title=\"\u00ab\u00a0Audrey Lebret \u2013 Unravelling Challenges of European Legal Approaches and Definitions of SoHO in Shaping Biomedical Innovation\u00a0\u00bb &#8212; Confluence des droits_La revue\" src=\"https:\/\/confluencedesdroits-larevue.com\/?p=4176&#038;embed=true#?secret=l6SCtq6xdI#?secret=c7AhFKSKv6\" data-secret=\"c7AhFKSKv6\" width=\"600\" height=\"338\" frameborder=\"0\" marginwidth=\"0\" marginheight=\"0\" scrolling=\"no\"><\/iframe>\n<\/div><\/figure>\n\n\n\n<figure class=\"wp-block-embed is-type-wp-embed is-provider-confluence-des-droits-la-revue wp-block-embed-confluence-des-droits-la-revue\"><div class=\"wp-block-embed__wrapper\">\n<blockquote class=\"wp-embedded-content\" data-secret=\"gCLVeviYX9\"><a href=\"https:\/\/confluencedesdroits-larevue.com\/?p=4177\">Valentine Delcroix \u2013 Le concept de \u00ab\u00a0substance\u00a0\u00bb en droit de\u00a0l\u2019Union europ\u00e9enne de\u00a0l\u2019environnement et de la sant\u00e9<\/a><\/blockquote><iframe class=\"wp-embedded-content\" sandbox=\"allow-scripts\" security=\"restricted\" style=\"position: absolute; clip: rect(1px, 1px, 1px, 1px);\" title=\"\u00ab\u00a0Valentine Delcroix \u2013 Le concept de \u00ab\u00a0substance\u00a0\u00bb en droit de\u00a0l\u2019Union europ\u00e9enne de\u00a0l\u2019environnement et de la sant\u00e9\u00a0\u00bb &#8212; Confluence des droits_La revue\" src=\"https:\/\/confluencedesdroits-larevue.com\/?p=4177&#038;embed=true#?secret=Xr4Du7up9L#?secret=gCLVeviYX9\" data-secret=\"gCLVeviYX9\" width=\"600\" height=\"338\" frameborder=\"0\" marginwidth=\"0\" marginheight=\"0\" scrolling=\"no\"><\/iframe>\n<\/div><\/figure>\n\n\n\n<figure class=\"wp-block-embed is-type-wp-embed is-provider-confluence-des-droits-la-revue wp-block-embed-confluence-des-droits-la-revue\"><div class=\"wp-block-embed__wrapper\">\n<blockquote class=\"wp-embedded-content\" data-secret=\"08LvhSmrS5\"><a href=\"https:\/\/confluencedesdroits-larevue.com\/?p=4178\">Adrien Bottacci \u2013 The Multifaceted Definition of\u00a0Organoids in\u00a0Law<\/a><\/blockquote><iframe class=\"wp-embedded-content\" sandbox=\"allow-scripts\" security=\"restricted\" style=\"position: absolute; clip: rect(1px, 1px, 1px, 1px);\" title=\"\u00ab\u00a0Adrien Bottacci \u2013 The Multifaceted Definition of\u00a0Organoids in\u00a0Law\u00a0\u00bb &#8212; Confluence des droits_La revue\" src=\"https:\/\/confluencedesdroits-larevue.com\/?p=4178&#038;embed=true#?secret=o9WHzaITpk#?secret=08LvhSmrS5\" data-secret=\"08LvhSmrS5\" width=\"600\" height=\"338\" frameborder=\"0\" marginwidth=\"0\" marginheight=\"0\" scrolling=\"no\"><\/iframe>\n<\/div><\/figure>\n\n\n\n<figure class=\"wp-block-embed is-type-wp-embed is-provider-confluence-des-droits-la-revue wp-block-embed-confluence-des-droits-la-revue\"><div class=\"wp-block-embed__wrapper\">\n<blockquote class=\"wp-embedded-content\" data-secret=\"Xa0DdNcSxl\"><a href=\"https:\/\/confluencedesdroits-larevue.com\/?p=4179\">Estelle Brosset \u2013 Observations \u00e0 propos de la d\u00e9finition des\u00a0organismes g\u00e9n\u00e9tiquement modifi\u00e9s en\u00a0droit de\u00a0l\u2019Union\u00a0europ\u00e9enne<\/a><\/blockquote><iframe class=\"wp-embedded-content\" sandbox=\"allow-scripts\" security=\"restricted\" style=\"position: absolute; clip: rect(1px, 1px, 1px, 1px);\" title=\"\u00ab\u00a0Estelle Brosset \u2013 Observations \u00e0 propos de la d\u00e9finition des\u00a0organismes g\u00e9n\u00e9tiquement modifi\u00e9s en\u00a0droit de\u00a0l\u2019Union\u00a0europ\u00e9enne\u00a0\u00bb &#8212; Confluence des droits_La revue\" src=\"https:\/\/confluencedesdroits-larevue.com\/?p=4179&#038;embed=true#?secret=764J70evQ2#?secret=Xa0DdNcSxl\" data-secret=\"Xa0DdNcSxl\" width=\"600\" height=\"338\" frameborder=\"0\" marginwidth=\"0\" marginheight=\"0\" scrolling=\"no\"><\/iframe>\n<\/div><\/figure>\n\n\n\n<figure class=\"wp-block-embed is-type-wp-embed is-provider-confluence-des-droits-la-revue wp-block-embed-confluence-des-droits-la-revue\"><div class=\"wp-block-embed__wrapper\">\n<blockquote class=\"wp-embedded-content\" data-secret=\"RCD5RWYcjr\"><a href=\"https:\/\/confluencedesdroits-larevue.com\/?p=4180\">Mathieu Guerriaud \u2013 The\u00a0Legal Definition of\u00a0Gene Therapy Medicinal Products: Addressing Challenges for\u00a0Innovation and\u00a0Safety<\/a><\/blockquote><iframe class=\"wp-embedded-content\" sandbox=\"allow-scripts\" security=\"restricted\" style=\"position: absolute; clip: rect(1px, 1px, 1px, 1px);\" title=\"\u00ab\u00a0Mathieu Guerriaud \u2013 The\u00a0Legal Definition of\u00a0Gene Therapy Medicinal Products: Addressing Challenges for\u00a0Innovation and\u00a0Safety\u00a0\u00bb &#8212; Confluence des droits_La revue\" src=\"https:\/\/confluencedesdroits-larevue.com\/?p=4180&#038;embed=true#?secret=bSAKe1acPD#?secret=RCD5RWYcjr\" data-secret=\"RCD5RWYcjr\" width=\"600\" height=\"338\" frameborder=\"0\" marginwidth=\"0\" marginheight=\"0\" scrolling=\"no\"><\/iframe>\n<\/div><\/figure>\n\n\n\n<figure class=\"wp-block-embed is-type-wp-embed is-provider-confluence-des-droits-la-revue wp-block-embed-confluence-des-droits-la-revue\"><div class=\"wp-block-embed__wrapper\">\n<blockquote class=\"wp-embedded-content\" data-secret=\"Pla0uDUf1T\"><a href=\"https:\/\/confluencedesdroits-larevue.com\/?p=4181\">\u00c9lo\u00efse\u00a0Gennet, Aur\u00e9lie\u00a0Mahalatchimy \u2013 Is there a\u00a0legal concept of\u00a0biomedical innovations in\u00a0EU\u00a0binding\u00a0law?<\/a><\/blockquote><iframe class=\"wp-embedded-content\" sandbox=\"allow-scripts\" security=\"restricted\" style=\"position: absolute; clip: rect(1px, 1px, 1px, 1px);\" title=\"\u00ab\u00a0\u00c9lo\u00efse\u00a0Gennet, Aur\u00e9lie\u00a0Mahalatchimy \u2013 Is there a\u00a0legal concept of\u00a0biomedical innovations in\u00a0EU\u00a0binding\u00a0law?\u00a0\u00bb &#8212; Confluence des droits_La revue\" src=\"https:\/\/confluencedesdroits-larevue.com\/?p=4181&#038;embed=true#?secret=OQf5xbrGR2#?secret=Pla0uDUf1T\" data-secret=\"Pla0uDUf1T\" width=\"600\" height=\"338\" frameborder=\"0\" marginwidth=\"0\" marginheight=\"0\" scrolling=\"no\"><\/iframe>\n<\/div><\/figure>\n\n\n\n<figure class=\"wp-block-embed is-type-wp-embed is-provider-confluence-des-droits-la-revue wp-block-embed-confluence-des-droits-la-revue\"><div class=\"wp-block-embed__wrapper\">\n<blockquote class=\"wp-embedded-content\" data-secret=\"30whgvaAiw\"><a href=\"https:\/\/confluencedesdroits-larevue.com\/?p=4182\">Gauthier Chassang, Lisa Feriol, No\u00e9mie Dubruel \u2013 The\u00a0Evolving Concept of Privacy in\u00a0European Law. Addressing Specific Challenges for\u00a0Advancing Biomedical Research and\u00a0Innovation<\/a><\/blockquote><iframe class=\"wp-embedded-content\" sandbox=\"allow-scripts\" security=\"restricted\" style=\"position: absolute; clip: rect(1px, 1px, 1px, 1px);\" title=\"\u00ab\u00a0Gauthier Chassang, Lisa Feriol, No\u00e9mie Dubruel \u2013 The\u00a0Evolving Concept of Privacy in\u00a0European Law. Addressing Specific Challenges for\u00a0Advancing Biomedical Research and\u00a0Innovation\u00a0\u00bb &#8212; Confluence des droits_La revue\" src=\"https:\/\/confluencedesdroits-larevue.com\/?p=4182&#038;embed=true#?secret=Z4YFiCq05y#?secret=30whgvaAiw\" data-secret=\"30whgvaAiw\" width=\"600\" height=\"338\" frameborder=\"0\" marginwidth=\"0\" marginheight=\"0\" scrolling=\"no\"><\/iframe>\n<\/div><\/figure>\n\n\n\n<figure class=\"wp-block-embed is-type-wp-embed is-provider-confluence-des-droits-la-revue wp-block-embed-confluence-des-droits-la-revue\"><div class=\"wp-block-embed__wrapper\">\n<blockquote class=\"wp-embedded-content\" data-secret=\"pigZNSmjSs\"><a href=\"https:\/\/confluencedesdroits-larevue.com\/?p=4183\">Katrina Perehudoff, Estela Pires \u2013 The concept of\u00a0unmet medical needs as\u00a0negative space in\u00a0EU\u00a0Pharmaceutical Law: Legal\u00a0definitions and\u00a0regulatory reforms<\/a><\/blockquote><iframe class=\"wp-embedded-content\" sandbox=\"allow-scripts\" security=\"restricted\" style=\"position: absolute; clip: rect(1px, 1px, 1px, 1px);\" title=\"\u00ab\u00a0Katrina Perehudoff, Estela Pires \u2013 The concept of\u00a0unmet medical needs as\u00a0negative space in\u00a0EU\u00a0Pharmaceutical Law: Legal\u00a0definitions and\u00a0regulatory reforms\u00a0\u00bb &#8212; Confluence des droits_La revue\" src=\"https:\/\/confluencedesdroits-larevue.com\/?p=4183&#038;embed=true#?secret=vMV5tgDei8#?secret=pigZNSmjSs\" data-secret=\"pigZNSmjSs\" width=\"600\" height=\"338\" frameborder=\"0\" marginwidth=\"0\" marginheight=\"0\" scrolling=\"no\"><\/iframe>\n<\/div><\/figure>\n\n\n\n<figure class=\"wp-block-embed is-type-wp-embed is-provider-confluence-des-droits-la-revue wp-block-embed-confluence-des-droits-la-revue\"><div class=\"wp-block-embed__wrapper\">\n<blockquote class=\"wp-embedded-content\" data-secret=\"fe6RiZJY0k\"><a href=\"https:\/\/confluencedesdroits-larevue.com\/?p=4214\">\u00c9lo\u00efse Gennet, Aur\u00e9lie Mahalatchimy \u2013 How does EU\u00a0non\u2011binding law contribute to the scientific concept of\u00a0biomedical innovations?<\/a><\/blockquote><iframe class=\"wp-embedded-content\" sandbox=\"allow-scripts\" security=\"restricted\" style=\"position: absolute; clip: rect(1px, 1px, 1px, 1px);\" title=\"\u00ab\u00a0\u00c9lo\u00efse Gennet, Aur\u00e9lie Mahalatchimy \u2013 How does EU\u00a0non\u2011binding law contribute to the scientific concept of\u00a0biomedical innovations?\u00a0\u00bb &#8212; Confluence des droits_La revue\" src=\"https:\/\/confluencedesdroits-larevue.com\/?p=4214&#038;embed=true#?secret=d8zuKX02Pg#?secret=fe6RiZJY0k\" data-secret=\"fe6RiZJY0k\" width=\"600\" height=\"338\" frameborder=\"0\" marginwidth=\"0\" marginheight=\"0\" scrolling=\"no\"><\/iframe>\n<\/div><\/figure>\n\n\n\n<figure class=\"wp-block-embed is-type-wp-embed is-provider-confluence-des-droits-la-revue wp-block-embed-confluence-des-droits-la-revue\"><div class=\"wp-block-embed__wrapper\">\n<blockquote class=\"wp-embedded-content\" data-secret=\"2ar4mCMfib\"><a href=\"https:\/\/confluencedesdroits-larevue.com\/?p=4184\">Xavier Bioy \u2013 Fragmentation et\u00a0usages bio\u00e9thiques de\u00a0la\u00a0r\u00e9f\u00e9rence \u00e0\u00a0\u00ab\u00a0l\u2019esp\u00e8ce humaine\u00a0\u00bb<\/a><\/blockquote><iframe class=\"wp-embedded-content\" sandbox=\"allow-scripts\" security=\"restricted\" style=\"position: absolute; clip: rect(1px, 1px, 1px, 1px);\" title=\"\u00ab\u00a0Xavier Bioy \u2013 Fragmentation et\u00a0usages bio\u00e9thiques de\u00a0la\u00a0r\u00e9f\u00e9rence \u00e0\u00a0\u00ab\u00a0l\u2019esp\u00e8ce humaine\u00a0\u00bb\u00a0\u00bb &#8212; Confluence des droits_La revue\" src=\"https:\/\/confluencedesdroits-larevue.com\/?p=4184&#038;embed=true#?secret=Km5CKnqRcm#?secret=2ar4mCMfib\" data-secret=\"2ar4mCMfib\" width=\"600\" height=\"338\" frameborder=\"0\" marginwidth=\"0\" marginheight=\"0\" scrolling=\"no\"><\/iframe>\n<\/div><\/figure>\n\n\n\n<figure class=\"wp-block-embed is-type-wp-embed is-provider-confluence-des-droits-la-revue wp-block-embed-confluence-des-droits-la-revue\"><div class=\"wp-block-embed__wrapper\">\n<blockquote class=\"wp-embedded-content\" data-secret=\"BMl2RYOM5a\"><a href=\"https:\/\/confluencedesdroits-larevue.com\/?p=4185\">Marie Glinel \u2013 L\u2019influence des traditions juridiques sur\u00a0les\u00a0d\u00e9finitions europ\u00e9ennes du\u00a0biodroit<\/a><\/blockquote><iframe class=\"wp-embedded-content\" sandbox=\"allow-scripts\" security=\"restricted\" style=\"position: absolute; clip: rect(1px, 1px, 1px, 1px);\" title=\"\u00ab\u00a0Marie Glinel \u2013 L\u2019influence des traditions juridiques sur\u00a0les\u00a0d\u00e9finitions europ\u00e9ennes du\u00a0biodroit\u00a0\u00bb &#8212; Confluence des droits_La revue\" src=\"https:\/\/confluencedesdroits-larevue.com\/?p=4185&#038;embed=true#?secret=7ydISbuZJN#?secret=BMl2RYOM5a\" data-secret=\"BMl2RYOM5a\" width=\"600\" height=\"338\" frameborder=\"0\" marginwidth=\"0\" marginheight=\"0\" scrolling=\"no\"><\/iframe>\n<\/div><\/figure>\n\n\n\n<hr class=\"wp-block-separator has-alpha-channel-opacity\"\/>\n\n\n\n<figure class=\"wp-block-embed is-type-wp-embed is-provider-confluence-des-droits-la-revue wp-block-embed-confluence-des-droits-la-revue\"><div class=\"wp-block-embed__wrapper\">\n<blockquote class=\"wp-embedded-content\" data-secret=\"LPMOHtixTW\"><a href=\"https:\/\/confluencedesdroits-larevue.com\/?p=4186\">Xavier Magnon \u2013 De l\u2019usage des concepts dans\u00a0le\u00a0droit biom\u00e9dical. La part de\u00a0la\u00a0science du\u00a0droit<\/a><\/blockquote><iframe class=\"wp-embedded-content\" sandbox=\"allow-scripts\" security=\"restricted\" style=\"position: absolute; clip: rect(1px, 1px, 1px, 1px);\" title=\"\u00ab\u00a0Xavier Magnon \u2013 De l\u2019usage des concepts dans\u00a0le\u00a0droit biom\u00e9dical. La part de\u00a0la\u00a0science du\u00a0droit\u00a0\u00bb &#8212; Confluence des droits_La revue\" src=\"https:\/\/confluencedesdroits-larevue.com\/?p=4186&#038;embed=true#?secret=uE22SW0PHB#?secret=LPMOHtixTW\" data-secret=\"LPMOHtixTW\" width=\"600\" height=\"338\" frameborder=\"0\" marginwidth=\"0\" marginheight=\"0\" scrolling=\"no\"><\/iframe>\n<\/div><\/figure>\n\n\n\n<div style=\"height:80px\" aria-hidden=\"true\" class=\"wp-block-spacer\"><\/div>\n\n\n\n<p class=\"has-text-align-center\"><em>Ce travail a \u00e9t\u00e9 soutenu par le projet I-BioLex financ\u00e9 par l\u2019Agence nationale de la recherche<\/em><br><em>(ANR-20-CE26-0007-01)<\/em><\/p>\n\n\n\n<div style=\"height:30px\" aria-hidden=\"true\" class=\"wp-block-spacer\"><\/div>\n\n\n<div class=\"wp-block-image is-style-default\">\n<figure class=\"aligncenter size-large is-resized\"><img decoding=\"async\" loading=\"lazy\" width=\"1024\" height=\"390\" src=\"https:\/\/confluencedesdroits-larevue.com\/wp-content\/uploads\/2025\/07\/ANR-logo-2021-sigle-1024x390.jpg\" alt=\"\" class=\"wp-image-4571\" style=\"aspect-ratio:2.6256410256410256;object-fit:cover;width:240px\" srcset=\"https:\/\/confluencedesdroits-larevue.com\/wp-content\/uploads\/2025\/07\/ANR-logo-2021-sigle-1024x390.jpg 1024w, https:\/\/confluencedesdroits-larevue.com\/wp-content\/uploads\/2025\/07\/ANR-logo-2021-sigle-300x114.jpg 300w, https:\/\/confluencedesdroits-larevue.com\/wp-content\/uploads\/2025\/07\/ANR-logo-2021-sigle-150x57.jpg 150w, https:\/\/confluencedesdroits-larevue.com\/wp-content\/uploads\/2025\/07\/ANR-logo-2021-sigle-768x292.jpg 768w, https:\/\/confluencedesdroits-larevue.com\/wp-content\/uploads\/2025\/07\/ANR-logo-2021-sigle-600x228.jpg 600w, https:\/\/confluencedesdroits-larevue.com\/wp-content\/uploads\/2025\/07\/ANR-logo-2021-sigle.jpg 1211w\" sizes=\"(max-width: 1024px) 100vw, 1024px\" \/><\/figure><\/div>","protected":false},"excerpt":{"rendered":"<p>coordonn\u00e9 par Aur\u00e9lie Mahalatchimy, (Charg\u00e9e de recherche au CNRS en droit, Aix Marseille Univ, CNRS, DICE, CERIC, Aix-en-Provence, France), Xavier Magnon (Professeur de droit public, Aix Marseille Univ, CNRS, DICE, ILF, Aix-en-Provence, France) et Marie Glinel (Ma\u00eetre de conf\u00e9rences en droit public \u00e0 l\u2019Universit\u00e9 Lyon\u00a0II Lumi\u00e8re)<\/p>\n","protected":false},"author":2,"featured_media":4269,"comment_status":"closed","ping_status":"open","sticky":true,"template":"","format":"standard","meta":{"_editorskit_title_hidden":false,"_editorskit_reading_time":0,"_editorskit_is_block_options_detached":false,"_editorskit_block_options_position":"{}","footnotes":""},"categories":[5,13],"tags":[],"yoast_head":"<!-- This site is optimized with the Yoast SEO plugin v21.0 - https:\/\/yoast.com\/wordpress\/plugins\/seo\/ -->\n<title>Dossier D\u00e9finitions et concepts du biodroit - Confluence des droits_La revue<\/title>\n<meta name=\"robots\" content=\"index, follow, max-snippet:-1, max-image-preview:large, max-video-preview:-1\" \/>\n<link rel=\"canonical\" href=\"https:\/\/confluencedesdroits-larevue.com\/?p=4293\" \/>\n<meta property=\"og:locale\" content=\"fr_FR\" \/>\n<meta property=\"og:type\" content=\"article\" \/>\n<meta property=\"og:title\" content=\"Dossier D\u00e9finitions et concepts du biodroit - Confluence des droits_La revue\" \/>\n<meta property=\"og:description\" content=\"coordonn\u00e9 par Aur\u00e9lie Mahalatchimy, (Charg\u00e9e de recherche au CNRS en droit, Aix Marseille Univ, CNRS, DICE, CERIC, Aix-en-Provence, France), Xavier Magnon (Professeur de droit public, Aix Marseille Univ, CNRS, DICE, ILF, Aix-en-Provence, France) et Marie Glinel (Ma\u00eetre de conf\u00e9rences en droit public \u00e0 l\u2019Universit\u00e9 Lyon\u00a0II Lumi\u00e8re)\" \/>\n<meta property=\"og:url\" content=\"https:\/\/confluencedesdroits-larevue.com\/?p=4293\" \/>\n<meta property=\"og:site_name\" content=\"Confluence des droits_La revue\" \/>\n<meta property=\"article:published_time\" content=\"2025-07-10T15:04:37+00:00\" \/>\n<meta property=\"article:modified_time\" content=\"2025-07-10T15:50:09+00:00\" \/>\n<meta property=\"og:image\" content=\"https:\/\/confluencedesdroits-larevue.com\/wp-content\/uploads\/2025\/06\/pexels-steve-1509534-1-scaled.jpg\" \/>\n\t<meta property=\"og:image:width\" content=\"2560\" \/>\n\t<meta property=\"og:image:height\" content=\"1863\" \/>\n\t<meta property=\"og:image:type\" content=\"image\/jpeg\" \/>\n<meta name=\"author\" content=\"DICE \u00c9ditions\" \/>\n<meta name=\"twitter:card\" content=\"summary_large_image\" \/>\n<meta name=\"twitter:label1\" content=\"\u00c9crit par\" \/>\n\t<meta name=\"twitter:data1\" content=\"DICE \u00c9ditions\" \/>\n\t<meta name=\"twitter:label2\" content=\"Dur\u00e9e de lecture estim\u00e9e\" \/>\n\t<meta name=\"twitter:data2\" content=\"3 minutes\" \/>\n<script type=\"application\/ld+json\" class=\"yoast-schema-graph\">{\"@context\":\"https:\/\/schema.org\",\"@graph\":[{\"@type\":\"Article\",\"@id\":\"https:\/\/confluencedesdroits-larevue.com\/?p=4293#article\",\"isPartOf\":{\"@id\":\"https:\/\/confluencedesdroits-larevue.com\/?p=4293\"},\"author\":{\"name\":\"DICE \u00c9ditions\",\"@id\":\"https:\/\/confluencedesdroits-larevue.com\/#\/schema\/person\/5c2bef570684d183d7f5a81e4107304c\"},\"headline\":\"Dossier D\u00e9finitions et concepts du biodroit\",\"datePublished\":\"2025-07-10T15:04:37+00:00\",\"dateModified\":\"2025-07-10T15:50:09+00:00\",\"mainEntityOfPage\":{\"@id\":\"https:\/\/confluencedesdroits-larevue.com\/?p=4293\"},\"wordCount\":471,\"publisher\":{\"@id\":\"https:\/\/confluencedesdroits-larevue.com\/#organization\"},\"articleSection\":[\"Actu\",\"Dossier\"],\"inLanguage\":\"fr-FR\"},{\"@type\":\"WebPage\",\"@id\":\"https:\/\/confluencedesdroits-larevue.com\/?p=4293\",\"url\":\"https:\/\/confluencedesdroits-larevue.com\/?p=4293\",\"name\":\"Dossier D\u00e9finitions et concepts du biodroit - Confluence des droits_La revue\",\"isPartOf\":{\"@id\":\"https:\/\/confluencedesdroits-larevue.com\/#website\"},\"datePublished\":\"2025-07-10T15:04:37+00:00\",\"dateModified\":\"2025-07-10T15:50:09+00:00\",\"breadcrumb\":{\"@id\":\"https:\/\/confluencedesdroits-larevue.com\/?p=4293#breadcrumb\"},\"inLanguage\":\"fr-FR\",\"potentialAction\":[{\"@type\":\"ReadAction\",\"target\":[\"https:\/\/confluencedesdroits-larevue.com\/?p=4293\"]}]},{\"@type\":\"BreadcrumbList\",\"@id\":\"https:\/\/confluencedesdroits-larevue.com\/?p=4293#breadcrumb\",\"itemListElement\":[{\"@type\":\"ListItem\",\"position\":1,\"name\":\"Accueil\",\"item\":\"https:\/\/confluencedesdroits-larevue.com\/\"},{\"@type\":\"ListItem\",\"position\":2,\"name\":\"Dossier D\u00e9finitions et concepts du biodroit\"}]},{\"@type\":\"WebSite\",\"@id\":\"https:\/\/confluencedesdroits-larevue.com\/#website\",\"url\":\"https:\/\/confluencedesdroits-larevue.com\/\",\"name\":\"Confluence des droits_La revue\",\"description\":\"UMR 7318 Droits International, Compar\u00e9 et Europ\u00e9en\",\"publisher\":{\"@id\":\"https:\/\/confluencedesdroits-larevue.com\/#organization\"},\"potentialAction\":[{\"@type\":\"SearchAction\",\"target\":{\"@type\":\"EntryPoint\",\"urlTemplate\":\"https:\/\/confluencedesdroits-larevue.com\/?s={search_term_string}\"},\"query-input\":\"required name=search_term_string\"}],\"inLanguage\":\"fr-FR\"},{\"@type\":\"Organization\",\"@id\":\"https:\/\/confluencedesdroits-larevue.com\/#organization\",\"name\":\"Confluence des droits_La revue\",\"url\":\"https:\/\/confluencedesdroits-larevue.com\/\",\"logo\":{\"@type\":\"ImageObject\",\"inLanguage\":\"fr-FR\",\"@id\":\"https:\/\/confluencedesdroits-larevue.com\/#\/schema\/logo\/image\/\",\"url\":\"https:\/\/confluencedesdroits-larevue.com\/wp-content\/uploads\/2024\/05\/Confluence-des-droits_La-revue.png\",\"contentUrl\":\"https:\/\/confluencedesdroits-larevue.com\/wp-content\/uploads\/2024\/05\/Confluence-des-droits_La-revue.png\",\"width\":3934,\"height\":613,\"caption\":\"Confluence des droits_La revue\"},\"image\":{\"@id\":\"https:\/\/confluencedesdroits-larevue.com\/#\/schema\/logo\/image\/\"}},{\"@type\":\"Person\",\"@id\":\"https:\/\/confluencedesdroits-larevue.com\/#\/schema\/person\/5c2bef570684d183d7f5a81e4107304c\",\"name\":\"DICE \u00c9ditions\",\"image\":{\"@type\":\"ImageObject\",\"inLanguage\":\"fr-FR\",\"@id\":\"https:\/\/confluencedesdroits-larevue.com\/#\/schema\/person\/image\/\",\"url\":\"https:\/\/secure.gravatar.com\/avatar\/c7dfd2401bef8b8be87ab2a215ca0435?s=96&d=mm&r=g\",\"contentUrl\":\"https:\/\/secure.gravatar.com\/avatar\/c7dfd2401bef8b8be87ab2a215ca0435?s=96&d=mm&r=g\",\"caption\":\"DICE \u00c9ditions\"},\"url\":\"https:\/\/confluencedesdroits-larevue.com\/?author=2\"}]}<\/script>\n<!-- \/ Yoast SEO plugin. -->","yoast_head_json":{"title":"Dossier D\u00e9finitions et concepts du biodroit - Confluence des droits_La revue","robots":{"index":"index","follow":"follow","max-snippet":"max-snippet:-1","max-image-preview":"max-image-preview:large","max-video-preview":"max-video-preview:-1"},"canonical":"https:\/\/confluencedesdroits-larevue.com\/?p=4293","og_locale":"fr_FR","og_type":"article","og_title":"Dossier D\u00e9finitions et concepts du biodroit - Confluence des droits_La revue","og_description":"coordonn\u00e9 par Aur\u00e9lie Mahalatchimy, (Charg\u00e9e de recherche au CNRS en droit, Aix Marseille Univ, CNRS, DICE, CERIC, Aix-en-Provence, France), Xavier Magnon (Professeur de droit public, Aix Marseille Univ, CNRS, DICE, ILF, Aix-en-Provence, France) et Marie Glinel (Ma\u00eetre de conf\u00e9rences en droit public \u00e0 l\u2019Universit\u00e9 Lyon\u00a0II Lumi\u00e8re)","og_url":"https:\/\/confluencedesdroits-larevue.com\/?p=4293","og_site_name":"Confluence des droits_La revue","article_published_time":"2025-07-10T15:04:37+00:00","article_modified_time":"2025-07-10T15:50:09+00:00","og_image":[{"width":2560,"height":1863,"url":"https:\/\/confluencedesdroits-larevue.com\/wp-content\/uploads\/2025\/06\/pexels-steve-1509534-1-scaled.jpg","type":"image\/jpeg"}],"author":"DICE \u00c9ditions","twitter_card":"summary_large_image","twitter_misc":{"\u00c9crit par":"DICE \u00c9ditions","Dur\u00e9e de lecture estim\u00e9e":"3 minutes"},"schema":{"@context":"https:\/\/schema.org","@graph":[{"@type":"Article","@id":"https:\/\/confluencedesdroits-larevue.com\/?p=4293#article","isPartOf":{"@id":"https:\/\/confluencedesdroits-larevue.com\/?p=4293"},"author":{"name":"DICE \u00c9ditions","@id":"https:\/\/confluencedesdroits-larevue.com\/#\/schema\/person\/5c2bef570684d183d7f5a81e4107304c"},"headline":"Dossier D\u00e9finitions et concepts du biodroit","datePublished":"2025-07-10T15:04:37+00:00","dateModified":"2025-07-10T15:50:09+00:00","mainEntityOfPage":{"@id":"https:\/\/confluencedesdroits-larevue.com\/?p=4293"},"wordCount":471,"publisher":{"@id":"https:\/\/confluencedesdroits-larevue.com\/#organization"},"articleSection":["Actu","Dossier"],"inLanguage":"fr-FR"},{"@type":"WebPage","@id":"https:\/\/confluencedesdroits-larevue.com\/?p=4293","url":"https:\/\/confluencedesdroits-larevue.com\/?p=4293","name":"Dossier D\u00e9finitions et concepts du biodroit - Confluence des droits_La revue","isPartOf":{"@id":"https:\/\/confluencedesdroits-larevue.com\/#website"},"datePublished":"2025-07-10T15:04:37+00:00","dateModified":"2025-07-10T15:50:09+00:00","breadcrumb":{"@id":"https:\/\/confluencedesdroits-larevue.com\/?p=4293#breadcrumb"},"inLanguage":"fr-FR","potentialAction":[{"@type":"ReadAction","target":["https:\/\/confluencedesdroits-larevue.com\/?p=4293"]}]},{"@type":"BreadcrumbList","@id":"https:\/\/confluencedesdroits-larevue.com\/?p=4293#breadcrumb","itemListElement":[{"@type":"ListItem","position":1,"name":"Accueil","item":"https:\/\/confluencedesdroits-larevue.com\/"},{"@type":"ListItem","position":2,"name":"Dossier D\u00e9finitions et concepts du biodroit"}]},{"@type":"WebSite","@id":"https:\/\/confluencedesdroits-larevue.com\/#website","url":"https:\/\/confluencedesdroits-larevue.com\/","name":"Confluence des droits_La revue","description":"UMR 7318 Droits International, Compar\u00e9 et Europ\u00e9en","publisher":{"@id":"https:\/\/confluencedesdroits-larevue.com\/#organization"},"potentialAction":[{"@type":"SearchAction","target":{"@type":"EntryPoint","urlTemplate":"https:\/\/confluencedesdroits-larevue.com\/?s={search_term_string}"},"query-input":"required name=search_term_string"}],"inLanguage":"fr-FR"},{"@type":"Organization","@id":"https:\/\/confluencedesdroits-larevue.com\/#organization","name":"Confluence des droits_La revue","url":"https:\/\/confluencedesdroits-larevue.com\/","logo":{"@type":"ImageObject","inLanguage":"fr-FR","@id":"https:\/\/confluencedesdroits-larevue.com\/#\/schema\/logo\/image\/","url":"https:\/\/confluencedesdroits-larevue.com\/wp-content\/uploads\/2024\/05\/Confluence-des-droits_La-revue.png","contentUrl":"https:\/\/confluencedesdroits-larevue.com\/wp-content\/uploads\/2024\/05\/Confluence-des-droits_La-revue.png","width":3934,"height":613,"caption":"Confluence des droits_La revue"},"image":{"@id":"https:\/\/confluencedesdroits-larevue.com\/#\/schema\/logo\/image\/"}},{"@type":"Person","@id":"https:\/\/confluencedesdroits-larevue.com\/#\/schema\/person\/5c2bef570684d183d7f5a81e4107304c","name":"DICE \u00c9ditions","image":{"@type":"ImageObject","inLanguage":"fr-FR","@id":"https:\/\/confluencedesdroits-larevue.com\/#\/schema\/person\/image\/","url":"https:\/\/secure.gravatar.com\/avatar\/c7dfd2401bef8b8be87ab2a215ca0435?s=96&d=mm&r=g","contentUrl":"https:\/\/secure.gravatar.com\/avatar\/c7dfd2401bef8b8be87ab2a215ca0435?s=96&d=mm&r=g","caption":"DICE \u00c9ditions"},"url":"https:\/\/confluencedesdroits-larevue.com\/?author=2"}]}},"post_mailing_queue_ids":[],"_links":{"self":[{"href":"https:\/\/confluencedesdroits-larevue.com\/index.php?rest_route=\/wp\/v2\/posts\/4293"}],"collection":[{"href":"https:\/\/confluencedesdroits-larevue.com\/index.php?rest_route=\/wp\/v2\/posts"}],"about":[{"href":"https:\/\/confluencedesdroits-larevue.com\/index.php?rest_route=\/wp\/v2\/types\/post"}],"author":[{"embeddable":true,"href":"https:\/\/confluencedesdroits-larevue.com\/index.php?rest_route=\/wp\/v2\/users\/2"}],"replies":[{"embeddable":true,"href":"https:\/\/confluencedesdroits-larevue.com\/index.php?rest_route=%2Fwp%2Fv2%2Fcomments&post=4293"}],"version-history":[{"count":14,"href":"https:\/\/confluencedesdroits-larevue.com\/index.php?rest_route=\/wp\/v2\/posts\/4293\/revisions"}],"predecessor-version":[{"id":4584,"href":"https:\/\/confluencedesdroits-larevue.com\/index.php?rest_route=\/wp\/v2\/posts\/4293\/revisions\/4584"}],"wp:featuredmedia":[{"embeddable":true,"href":"https:\/\/confluencedesdroits-larevue.com\/index.php?rest_route=\/wp\/v2\/media\/4269"}],"wp:attachment":[{"href":"https:\/\/confluencedesdroits-larevue.com\/index.php?rest_route=%2Fwp%2Fv2%2Fmedia&parent=4293"}],"wp:term":[{"taxonomy":"category","embeddable":true,"href":"https:\/\/confluencedesdroits-larevue.com\/index.php?rest_route=%2Fwp%2Fv2%2Fcategories&post=4293"},{"taxonomy":"post_tag","embeddable":true,"href":"https:\/\/confluencedesdroits-larevue.com\/index.php?rest_route=%2Fwp%2Fv2%2Ftags&post=4293"}],"curies":[{"name":"wp","href":"https:\/\/api.w.org\/{rel}","templated":true}]}}