{"id":3778,"date":"2025-03-06T15:35:30","date_gmt":"2025-03-06T14:35:30","guid":{"rendered":"https:\/\/confluencedesdroits-larevue.com\/?p=3778"},"modified":"2025-04-09T15:15:43","modified_gmt":"2025-04-09T13:15:43","slug":"maud-cintrat-one-health-une-seule-sante-quelle-dynamique-de-la-protection-de-la-sante-animale-en-droit-de-lunion-europeenne","status":"publish","type":"post","link":"https:\/\/confluencedesdroits-larevue.com\/?p=3778","title":{"rendered":"Maud Cintrat \u2013 One Health \/ Une seule sant\u00e9\u00a0: quelle\u00a0dynamique de la protection de la sant\u00e9 animale en\u00a0droit de l\u2019Union europ\u00e9enne\u00a0?"},"content":{"rendered":"\n<div class=\"wp-block-group alignwide is-layout-constrained wp-block-group-is-layout-constrained\"><div class=\"wp-block-group__inner-container\">\n<div class=\"wp-block-media-text alignwide has-background\" style=\"background-color:#edf7fb;grid-template-columns:20% auto\"><figure class=\"wp-block-media-text__media\"><img decoding=\"async\" loading=\"lazy\" width=\"1024\" height=\"1024\" src=\"https:\/\/confluencedesdroits-larevue.com\/wp-content\/uploads\/2025\/03\/dossier-one-health-mono-1024x1024.jpg\" alt=\"\" class=\"wp-image-3984 size-full\" srcset=\"https:\/\/confluencedesdroits-larevue.com\/wp-content\/uploads\/2025\/03\/dossier-one-health-mono-1024x1024.jpg 1024w, https:\/\/confluencedesdroits-larevue.com\/wp-content\/uploads\/2025\/03\/dossier-one-health-mono-300x300.jpg 300w, https:\/\/confluencedesdroits-larevue.com\/wp-content\/uploads\/2025\/03\/dossier-one-health-mono-150x150.jpg 150w, https:\/\/confluencedesdroits-larevue.com\/wp-content\/uploads\/2025\/03\/dossier-one-health-mono-768x768.jpg 768w, https:\/\/confluencedesdroits-larevue.com\/wp-content\/uploads\/2025\/03\/dossier-one-health-mono-1536x1536.jpg 1536w, https:\/\/confluencedesdroits-larevue.com\/wp-content\/uploads\/2025\/03\/dossier-one-health-mono-600x600.jpg 600w, https:\/\/confluencedesdroits-larevue.com\/wp-content\/uploads\/2025\/03\/dossier-one-health-mono.jpg 2048w\" sizes=\"(max-width: 1024px) 100vw, 1024px\" \/><\/figure><div class=\"wp-block-media-text__content\">\n<p class=\"has-text-align-center has-white-color has-text-color has-background has-normal-font-size\" style=\"background-color:#008cb4\">Maud Cintrat<br><em>Ma\u00eetresse de conf\u00e9rences en droit public, Laboratoire Parcours sant\u00e9 syst\u00e9mique, UR&nbsp;4129, Membre associ\u00e9e du CERCRID, UMR&nbsp;5137, Universit\u00e9 de&nbsp;Lyon<\/em><\/p>\n<\/div><\/div>\n\n\n\n<div style=\"height:5px\" aria-hidden=\"true\" class=\"wp-block-spacer\"><\/div>\n\n\n\n<p class=\"has-text-align-justify has-background\" style=\"background-color:#ededed\"><strong>R\u00e9sum\u00e9&nbsp;: <\/strong>Le concept One Health \u2013 Une seule sant\u00e9 a \u00e9t\u00e9 express\u00e9ment d\u00e9ploy\u00e9 dans les derniers r\u00e8glements europ\u00e9ens r\u00e9formant la sant\u00e9 animale en 2016 \u00e0 propos de la lutte contre les maladies transmissibles et r\u00e9formant la pharmacie v\u00e9t\u00e9rinaire en 2018, en mati\u00e8re de lutte contre la r\u00e9sistance aux antimicrobiens. C\u2019est sur ce dernier champ que l\u2019accent sera mis. Si le concept d\u2019une seule sant\u00e9 vise \u00e0 consacrer l\u2019interd\u00e9pendance des sant\u00e9s humaine, animale et de l\u2019environnement, la r\u00e9sistance aux antimicrobiens t\u00e9moigne bien que c\u2019est gr\u00e2ce \u00e0 une intervention dans ces trois&nbsp;domaines que la lutte peut \u00eatre efficace. Il convient de d\u00e9velopper dans quelle mesure la lutte contre la r\u00e9sistance aux antimicrobiens requiert la mise en \u0153uvre de mesures sp\u00e9cialement dans le secteur de la pharmacie v\u00e9t\u00e9rinaire qui visent \u00e0 prot\u00e9ger les sant\u00e9s de l\u2019homme et de l\u2019animal ainsi que l\u2019environnement.<\/p>\n\n\n\n<div style=\"height:10px\" aria-hidden=\"true\" class=\"wp-block-spacer\"><\/div>\n\n\n\n<div class=\"wp-block-file\"><a id=\"wp-block-file--media-020f4ed5-baa6-4c0d-835f-72518c6d07cc\" href=\"https:\/\/confluencedesdroits-larevue.com\/wp-content\/uploads\/2025\/03\/One-Health_Une-seule-sante_Quelle-dynamique-de-la-protection-de-la-sante-animale-en-droit-de-l-Union-europeenne_M.-Cintrat-03-25.pdf\">One-Health_Une-seule-sante_Quelle-dynamique-de-la-protection-de-la-sante-animale-en-droit-de-l-Union-europeenne_M.-Cintrat-03-25<\/a><a href=\"https:\/\/confluencedesdroits-larevue.com\/wp-content\/uploads\/2025\/03\/One-Health_Une-seule-sante_Quelle-dynamique-de-la-protection-de-la-sante-animale-en-droit-de-l-Union-europeenne_M.-Cintrat-03-25.pdf\" class=\"wp-block-file__button wp-element-button\" download aria-describedby=\"wp-block-file--media-020f4ed5-baa6-4c0d-835f-72518c6d07cc\"><\/a><\/div>\n\n\n\n<div style=\"height:16px\" aria-hidden=\"true\" class=\"wp-block-spacer\"><\/div>\n<\/div><\/div>\n\n\n<div class=\"taxonomy-post_tag wp-block-post-terms\"><a href=\"https:\/\/confluencedesdroits-larevue.com\/?tag=droit-de-lunion-europeenne\" rel=\"tag\">droit de l\u2019Union europ\u00e9enne<\/a><span class=\"wp-block-post-terms__separator\">, <\/span><a href=\"https:\/\/confluencedesdroits-larevue.com\/?tag=medicaments-veterinaires\" rel=\"tag\">m\u00e9dicaments v\u00e9t\u00e9rinaires<\/a><span class=\"wp-block-post-terms__separator\">, <\/span><a href=\"https:\/\/confluencedesdroits-larevue.com\/?tag=pharmacie-veterinaire\" rel=\"tag\">pharmacie v\u00e9t\u00e9rinaire<\/a><span class=\"wp-block-post-terms__separator\">, <\/span><a href=\"https:\/\/confluencedesdroits-larevue.com\/?tag=resistance-aux-antimicrobiens-ram\" rel=\"tag\">r\u00e9sistance aux antimicrobiens (RAM)<\/a><span class=\"wp-block-post-terms__separator\">, <\/span><a href=\"https:\/\/confluencedesdroits-larevue.com\/?tag=sante-animale\" rel=\"tag\">sant\u00e9 animale<\/a><\/div>\n\n\n<div style=\"height:30px\" aria-hidden=\"true\" class=\"wp-block-spacer\"><\/div>\n\n\n\n<h1 class=\"wp-block-heading has-text-align-center has-medium-font-size\">Introduction<\/h1>\n\n\n\n<p class=\"has-text-align-justify has-background\" style=\"background-color:#edf7fb\">L\u2019interd\u00e9pendance entre la sant\u00e9 humaine et la sant\u00e9 animale n\u2019a pas \u00e9merg\u00e9 en droit de l\u2019Union europ\u00e9enne avec l\u2019apparition du concept One Health \u2013 Une seule sant\u00e9. Depuis le Trait\u00e9 d\u2019Amsterdam (article&nbsp;168 \u00a7&nbsp;4 TFUE, ex-article&nbsp;152 TCE), l\u2019Union europ\u00e9enne peut intervenir dans le domaine v\u00e9t\u00e9rinaire (et pas uniquement pour les animaux d\u2019\u00e9levage) si la mesure prot\u00e8ge directement la sant\u00e9 publique. N\u00e9anmoins, le concept One Health \u2013 Une seule&nbsp;sant\u00e9, qui est identifi\u00e9 par la Commission, le Parlement europ\u00e9en ou le Conseil tant\u00f4t comme un concept, tant\u00f4t comme un principe ou une politique \u2013 vise \u00e0 promouvoir, au-del\u00e0 de l\u2019interconnexion des sant\u00e9s humaine et animale, \u00ab&nbsp;l\u2019interface entre les hommes, les animaux et l\u2019environnement&nbsp;\u00bb<a id=\"_ftnref1\" href=\"#_ftn1\">[1]<\/a> en d\u00e9veloppant \u00ab&nbsp;des pratiques, des politiques et des partenariats visant \u00e0 mieux articuler les liens mutuels&nbsp;\u00bb<a id=\"_ftnref2\" href=\"#_ftn2\">[2]<\/a>.<br><br>Une seule sant\u00e9 c\u2019est non seulement l\u2019objectif&nbsp;de pr\u00e9vention des crises \u00e0 venir, sur le moyen terme, mais aussi, comme le d\u00e9veloppe Sonia Desmoulin, parvenir \u00e0 \u00e9laborer un nouveau mode de gestion des risques en situation normale, et pas uniquement en situation de crise, bas\u00e9 sur l\u2019interd\u00e9pendance des sant\u00e9s humaine, animale et environnementale<a id=\"_ftnref3\" href=\"#_ftn3\">[3]<\/a>. Ce serait donc d\u00e9velopper une nouvelle fa\u00e7on de saisir et de traiter les liens entre sant\u00e9 humaine, animale et environnementale de telle sorte que l\u2019\u00e9mergence de crises ne se produise plus. Pour d\u00e9terminer si les m\u00e9canismes pens\u00e9s en application du concept une seule sant\u00e9 sont effectifs, il semble utile de d\u00e9velopper sur le plan technique un exemple&nbsp;: la r\u00e9sistance aux antimicrobiens.<br><br>Les politiques relatives \u00e0 la sant\u00e9 animale au sein de l\u2019Union europ\u00e9enne mettent en \u0153uvre plus ou moins express\u00e9ment le concept One Health. Ce dernier a \u00e9t\u00e9 d\u00e9ploy\u00e9 dans les derniers r\u00e8glements europ\u00e9ens r\u00e9formant la sant\u00e9 animale en 2016 \u00e0 propos de la lutte contre les maladies transmissibles<a id=\"_ftnref4\" href=\"#_ftn4\">[4]<\/a> et r\u00e9formant la pharmacie v\u00e9t\u00e9rinaire en 2018, en mati\u00e8re de lutte contre la r\u00e9sistance aux antimicrobiens<a id=\"_ftnref5\" href=\"#_ftn5\">[5]<\/a>. Ces deux&nbsp;secteurs t\u00e9moignent de l\u2019absence de coh\u00e9rence dans la mobilisation du concept One Health puisque, \u00e0 deux ans d\u2019intervalle, il est aussi bien identifi\u00e9 comme un principe que comme un concept. La pharmacie v\u00e9t\u00e9rinaire est bien plus \u00e9loquente que le r\u00e8glement sur la sant\u00e9 animale qui se limite \u00e0 \u00e9noncer qu\u2019il met en \u0153uvre des \u00ab&nbsp;engagements et [\u2026] conceptions expos\u00e9s dans [la] strat\u00e9gie de sant\u00e9 animale [de la Commission europ\u00e9enne 2007-2013], y compris le principe \u201cun monde, une seule sant\u00e9\u201d&nbsp;\u00bb<a id=\"_ftnref6\" href=\"#_ftn6\">[6]<\/a>. En effet, en mati\u00e8re de pharmacie v\u00e9t\u00e9rinaire, la lutte contre la r\u00e9sistance aux antimicrobiens requiert certains m\u00e9canismes qui portent sur l\u2019ensemble du processus de mise sur le march\u00e9 d\u2019un m\u00e9dicament v\u00e9t\u00e9rinaire, dans le but de sauvegarder la sant\u00e9 humaine, la sant\u00e9 animale et l\u2019environnement.<br><br>Le l\u00e9gislateur europ\u00e9en identifie la r\u00e9sistance aux antimicrobiens comme requ\u00e9rant \u00ab&nbsp;une action intersectorielle urgente et coordonn\u00e9e, conform\u00e9ment au concept \u201cUne seule sant\u00e9\u201d&nbsp;\u00bb<a id=\"_ftnref7\" href=\"#_ftn7\">[7]<\/a>. Il la d\u00e9finit comme \u00e9tant \u00ab&nbsp;l\u2019aptitude d\u2019un micro-organisme \u00e0 survivre ou \u00e0 se d\u00e9velopper en pr\u00e9sence d\u2019une concentration d\u2019un agent antimicrobien habituellement suffisant pour inhiber ou tuer des micro-organismes des m\u00eames esp\u00e8ces&nbsp;\u00bb<a id=\"_ftnref8\" href=\"#_ftn8\">[8]<\/a>. Les dispositions visant \u00e0 lutter contre la r\u00e9sistance aux antimicrobiens sont diss\u00e9min\u00e9es dans tout le r\u00e8glement sur la pharmacie v\u00e9t\u00e9rinaire. Elles irradient l\u2019ensemble des pratiques, de la mise sur le march\u00e9 des m\u00e9dicaments \u00e0 la collecte des donn\u00e9es relatives \u00e0 l\u2019utilisation des m\u00e9dicaments en passant par la prescription et l\u2019utilisation de ces produits (I). Pourtant, certaines lacunes t\u00e9moignent d\u00e9j\u00e0 des difficult\u00e9s d\u2019adopter une approche globale (II).<\/p>\n\n\n\n<h1 class=\"wp-block-heading has-text-align-center has-medium-font-size\">I. Le secteur de la pharmacie v\u00e9t\u00e9rinaire irradi\u00e9 par les mesures de&nbsp;lutte contre&nbsp;la&nbsp;r\u00e9sistance aux antimicrobiens<\/h1>\n\n\n\n<p class=\"has-text-align-justify has-background\" style=\"background-color:#edf7fb\">Les r\u00e8gles sp\u00e9cifiques \u00e0 la lutte contre la r\u00e9sistance aux antimicrobiens sont diss\u00e9min\u00e9es dans tout le r\u00e8glement europ\u00e9en sur la pharmacie v\u00e9t\u00e9rinaire et elles touchent l\u2019ensemble du processus de production d\u2019un m\u00e9dicament. Par souci de lisibilit\u00e9, il semble opportun d\u2019aborder l\u2019amont du circuit de production d\u2019un m\u00e9dicament (A) avant d\u2019envisager son aval (B).<\/p>\n\n\n\n<h2 class=\"wp-block-heading has-medium-font-size\">A) Les mesures prescrites avant la mise sur le march\u00e9 d\u2019un&nbsp;m\u00e9dicament<\/h2>\n\n\n\n<p class=\"has-text-align-justify has-background\" style=\"background-color:#edf7fb\">Certains \u00e9l\u00e9ments requis des industriels dans leur dossier de demande d\u2019autorisation de mise sur le march\u00e9 (AMM) refl\u00e8tent la mise en \u0153uvre de la lutte contre la r\u00e9sistance aux antimicrobiens. En plus des informations de l\u2019annexe 1 du r\u00e8glement europ\u00e9en, de la documentation technique et du r\u00e9sum\u00e9 du dossier du syst\u00e8me de pharmacovigilance, il faut fournir une documentation relative<a href=\"#_ftn9\" id=\"_ftnref9\">[9]<\/a>&nbsp;:<\/p>\n\n\n\n<ul>\n<li>aux risques directs ou indirects pour la sant\u00e9 publique ou animale ou pour l\u2019environnement li\u00e9s \u00e0 l\u2019utilisation chez l\u2019animal du m\u00e9dicament v\u00e9t\u00e9rinaire antimicrobien en cause.<\/li>\n\n\n\n<li>aux mesures de nature \u00e0 limiter le risque de d\u00e9veloppement de r\u00e9sistance \u00e0 cet antimicrobien.<\/li>\n<\/ul>\n\n\n\n<p class=\"has-text-align-justify has-background\" style=\"background-color:#edf7fb\">Le l\u00e9gislateur europ\u00e9en exigeait d\u00e9j\u00e0 du demandeur d\u2019une AMM, sous l\u2019empire de l\u2019ancienne l\u00e9gislation sur la pharmacie v\u00e9t\u00e9rinaire, qu\u2019il fournisse les informations sur les \u00ab&nbsp;risques potentiels que le m\u00e9dicament v\u00e9t\u00e9rinaire pourrait pr\u00e9senter pour l\u2019environnement, la sant\u00e9 humaine et animale et les plantes&nbsp;\u00bb<a id=\"_ftnref10\" href=\"#_ftn10\">[10]<\/a>. Cette obligation n\u2019\u00e9tait pas sp\u00e9cifiquement \u00e9tablie pour les antimicrobiens et elle n\u2019existait pas pour les risques indirects. Ainsi la lutte contre la r\u00e9sistance aux antimicrobiens p\u00e9n\u00e8tre la phase pr\u00e9alable \u00e0 l\u2019obtention d\u2019une AMM.<br><br>On retrouve ensuite deux types de mesures&nbsp;: celles qui visent \u00e0 limiter le d\u00e9veloppement et la mise sur le march\u00e9 de certains antimicrobiens, et d\u2019autres qui favorisent l\u2019innovation dans ce secteur.<br><br>Concernant la limitation du d\u00e9veloppement et de la mise sur le march\u00e9 de certains antimicrobiens, sont des motifs de refus de d\u00e9livrance d\u2019une AMM les demandes portant sur un antimicrobien lorsque<a id=\"_ftnref11\" href=\"#_ftn11\">[11]<\/a>&nbsp;:<\/p>\n\n\n\n<ul>\n<li>le b\u00e9n\u00e9fice pour la sant\u00e9 animale est inf\u00e9rieur au risque, pour la sant\u00e9 humaine, de d\u00e9velopper des r\u00e9sistances.<\/li>\n\n\n\n<li>l\u2019antimicrobien est destin\u00e9 \u00e0 \u00eatre utilis\u00e9 comme promoteur de performance en vue d\u2019acc\u00e9l\u00e9rer la croissance (pour les vaches \u00e0 viande notamment) ou d\u2019augmenter le rendement des animaux trait\u00e9s (pour les vaches \u00e0 lait par exemple).<\/li>\n\n\n\n<li>l\u2019antimicrobien en question est r\u00e9serv\u00e9 au traitement de certaines infections chez l\u2019homme. Il existe, dans ce cadre, une liste \u00e9tablie par la Commission europ\u00e9enne qui recense les m\u00e9dicaments antimicrobiens r\u00e9serv\u00e9s \u00e0 un usage chez l\u2019homme<a href=\"#_ftn12\" id=\"_ftnref12\">[12]<\/a>. Bien que la sant\u00e9 humaine l\u2019emporte ici sur les int\u00e9r\u00eats sanitaires des animaux, il faut remarquer que parmi les crit\u00e8res \u00e9labor\u00e9s par la Commission pour fixer cette liste, on en retrouve un qui requiert que l\u2019antimicrobien ne soit pas essentiel pour la sant\u00e9 animale<a href=\"#_ftn13\" id=\"_ftnref13\">[13]<\/a>.<\/li>\n<\/ul>\n\n\n\n<p class=\"has-text-align-justify has-background\" style=\"background-color:#edf7fb\">L\u2019objectif ici est de limiter l\u2019arriv\u00e9e sur le march\u00e9 de produits qui contribueraient \u00e0 accro\u00eetre les risques de d\u00e9veloppement d\u2019une r\u00e9sistance aux antimicrobiens. En revanche, l\u2019enjeu est diff\u00e9rent lorsque le l\u00e9gislateur europ\u00e9en incite \u00e0 l\u2019innovation.<br><br>Enfin, concernant l\u2019innovation dans le secteur des m\u00e9dicaments antimicrobiens, le l\u00e9gislateur europ\u00e9en encourage la mise au point d\u2019antimicrobiens qui comportent une nouvelle substance active. Cela permet de limiter les risques de d\u00e9velopper une r\u00e9sistance \u00e0 un antimicrobien d\u00e9j\u00e0 pr\u00e9sent sur le march\u00e9 puisqu\u2019il aura vocation \u00e0 partager le march\u00e9 avec de nouveaux m\u00e9dicaments. Le l\u00e9gislateur europ\u00e9en a ainsi augment\u00e9 de 10 \u00e0 14 ans la dur\u00e9e de protection de la documentation technique sur la qualit\u00e9, l\u2019innocuit\u00e9 et l\u2019efficacit\u00e9, ce qui fait obstacle \u00e0 l\u2019utilisation de cette documentation par un demandeur d\u2019autorisation de mise sur le march\u00e9 pour produire un g\u00e9n\u00e9rique<a id=\"_ftnref14\" href=\"#_ftn14\">[14]<\/a>.&nbsp;Cette mesure ne vaut que pour les antimicrobiens destin\u00e9s aux bovins, aux moutons destin\u00e9s \u00e0 la production de viande, aux porcs, aux poulets, aux chiens et aux chats (qui sont les animaux les plus nombreux au contact de l\u2019homme et pour lesquels il convient de r\u00e9duire la consommation d\u2019antimicrobiens) et que pour une substance active nouvelle. La finalit\u00e9 ici est double puisqu\u2019au-del\u00e0 d\u2019encourager l\u2019innovation par la mise au point de nouveaux antimicrobiens, cette mesure freine l\u2019arriv\u00e9e sur le march\u00e9 de g\u00e9n\u00e9riques de m\u00e9dicaments antimicrobiens d\u00e9j\u00e0 disponibles.<br><br>Au-del\u00e0 de ces mesures pr\u00e9-autorisation de mise sur le march\u00e9, on retrouve des mesures post-autorisation de mise sur le march\u00e9.<\/p>\n\n\n\n<h2 class=\"wp-block-heading has-medium-font-size\">B) Les mesures prescrites une fois le m\u00e9dicament disponible sur le march\u00e9<\/h2>\n\n\n\n<p class=\"has-text-align-justify has-background\" style=\"background-color:#edf7fb\">Une fois que le m\u00e9dicament antimicrobien dispose d\u2019une autorisation de mise sur le march\u00e9, la Commission et les \u00c9tats membres peuvent imposer \u00e0 son titulaire de conduire des \u00e9tudes ult\u00e9rieures afin de v\u00e9rifier que le rapport b\u00e9n\u00e9fice\/risque reste positif compte tenu du risque de d\u00e9veloppement d\u2019une r\u00e9sistance aux antimicrobiens<a id=\"_ftnref15\" href=\"#_ftn15\">[15]<\/a>.<br><br>Ensuite, pour limiter les risques de r\u00e9sistance, la prescription et l\u2019utilisation de ces m\u00e9dicaments font l\u2019objet de r\u00e8gles sp\u00e9ciales pour les antimicrobiens. Au stade de la prescription, le l\u00e9gislateur europ\u00e9en impose une prescription pr\u00e9alable obligatoire \u00e0 la d\u00e9livrance d\u2019un antimicrobien. Il faut remarquer que si le droit de l\u2019Union n\u2019impose pas aux \u00c9tats membres de r\u00e9server le droit de prescrire aux seuls v\u00e9t\u00e9rinaires, il leur interdit d\u2019autoriser d\u2019autres professionnels \u00e0 prescrire sp\u00e9cifiquement des antimicrobiens. L\u2019utilisation d\u2019antimicrobiens a, quant \u00e0 elle, \u00e9t\u00e9 drastiquement encadr\u00e9e. Il est donc interdit d\u2019utiliser un antimicrobien<a id=\"_ftnref16\" href=\"#_ftn16\">[16]<\/a>&nbsp;:<\/p>\n\n\n\n<ul>\n<li>de fa\u00e7on syst\u00e9matique ou pour compenser de mauvaises conditions d\u2019hygi\u00e8ne, des conditions d\u2019\u00e9levage inappropri\u00e9es, un manque de soins ou encore une mauvaise gestion de l\u2019exploitation&nbsp;;<\/li>\n\n\n\n<li>comme facteur de croissance et d\u2019am\u00e9lioration de performance&nbsp;;<\/li>\n\n\n\n<li>pour un usage prophylactique (pr\u00e9vention), sauf quand l\u2019utilisation concerne un seul animal ou un nombre restreint d\u2019animaux et \u00e0 condition que le risque d\u2019infection soit tr\u00e8s \u00e9lev\u00e9 et les cons\u00e9quences potentiellement graves&nbsp;;<\/li>\n\n\n\n<li>pour un usage m\u00e9taphylactique<a href=\"#_ftn17\" id=\"_ftnref17\">[17]<\/a>, qu\u2019en l\u2019absence d\u2019alternative face \u00e0 un risque \u00e9lev\u00e9 de propagation d\u2019une infection.<\/li>\n<\/ul>\n\n\n\n<p class=\"has-text-align-justify has-background\" style=\"background-color:#edf7fb\">Les deux derni\u00e8res illustrations concernent sp\u00e9cifiquement les \u00e9levages. L\u2019enjeu est clairement de limiter quantitativement les prescriptions et les utilisations de ces produits<a id=\"_ftnref18\" href=\"#_ftn18\">[18]<\/a>, de les r\u00e9server aux professionnels les plus qualifi\u00e9s.<br><br>Enfin, l\u2019efficience des mesures prescrites par le l\u00e9gislateur europ\u00e9en ne saurait \u00eatre \u00e9valu\u00e9e sans collecte et \u00e9valuation des donn\u00e9es. La connaissance scientifique g\u00e9n\u00e9r\u00e9e par le traitement de ces donn\u00e9es para\u00eet indispensable au maintien ou \u00e0 l\u2019adaptation des mesures de pr\u00e9vention et de gestion de la r\u00e9sistance aux antimicrobiens. Le l\u00e9gislateur europ\u00e9en a ainsi pr\u00e9vu que \u00ab&nbsp;les \u00c9tats membres recueillent des donn\u00e9es pertinentes et comparables sur le volume de vente et sur l\u2019utilisation des m\u00e9dicaments antimicrobiens utilis\u00e9s chez l\u2019animal, afin de permettre notamment l\u2019\u00e9valuation directe ou indirecte de leur utilisation chez les animaux producteurs de denr\u00e9es alimentaires au niveau des exploitations&nbsp;\u00bb<a id=\"_ftnref19\" href=\"#_ftn19\">[19]<\/a>. Bien que cela puisse \u00eatre nuanc\u00e9 par l\u2019utilisation de l\u2019adverbe notamment, seuls les animaux d\u2019\u00e9levage sont sp\u00e9cifiquement vis\u00e9s, alors m\u00eame que les maladies animales ne s\u2019arr\u00eatent pas \u00e0 la destination que l\u2019homme affecte \u00e0 l\u2019animal. C\u2019est effectivement chez les animaux d\u2019\u00e9levage, o\u00f9 la concentration d\u2019animaux est \u00e9lev\u00e9e, que le risque de d\u00e9veloppement d\u2019une r\u00e9sistance aux antimicrobiens est particuli\u00e8rement pr\u00e9sent. D\u2019ailleurs, c\u2019est dans le cadre de la strat\u00e9gie de la ferme \u00e0 la table \u2013 et donc chez les animaux d\u2019\u00e9levage et l\u2019aquaculture, que la Commission a fix\u00e9 l\u2019objectif de r\u00e9duction de la consommation d\u2019antimicrobiens. Elle vise une r\u00e9duction de 50&nbsp;% des ventes totales dans l\u2019Union d\u2019antimicrobiens d\u2019ici \u00e0 2030<a id=\"_ftnref20\" href=\"#_ftn20\">[20]<\/a>. Et c\u2019est par ailleurs dans un texte sp\u00e9cifique \u00e0 la politique agricole commune que l\u2019on retrouve une proposition d\u2019indicateur de r\u00e9sultat de la r\u00e9duction de l\u2019utilisation d\u2019antimicrobiens, \u00e0 nouveau sp\u00e9cifique aux animaux d\u2019\u00e9levage&nbsp;: l\u2019\u00e9quivalent pour les animaux de compagnie n\u2019existe pas puisqu\u2019ils n\u2019entrent pas en tant que tels dans le champ de comp\u00e9tence de l\u2019Union<a id=\"_ftnref21\" href=\"#_ftn21\">[21]<\/a>. Il en r\u00e9sulte que l\u2019on peut s\u2019interroger sur le succ\u00e8s de l\u2019approche une seule sant\u00e9 \u00e0 d\u00e9passer les cat\u00e9gories juridiques et les champs de comp\u00e9tence des institutions europ\u00e9ennes.<\/p>\n\n\n\n<h1 class=\"wp-block-heading has-text-align-center has-medium-font-size\">II. Une difficile approche globale qui transcenderait les sant\u00e9s humaine, animale et&nbsp;environnementale<\/h1>\n\n\n\n<p class=\"has-text-align-justify has-background\" style=\"background-color:#edf7fb\">Dans le cadre d\u2019une seule sant\u00e9, l\u2019id\u00e9e est de d\u00e9velopper une approche globale des sant\u00e9s humaine, animale et environnementale. Pourtant, dans le secteur de la pharmacie v\u00e9t\u00e9rinaire, les mesures ne concernent que les antimicrobiens. Or, limiter la consommation d\u2019antimicrobiens passe aussi par le d\u00e9veloppement et l\u2019incitation au d\u00e9veloppement d\u2019alternatives aux antimicrobiens (A). Une autre lacune porte sur la protection de l\u2019environnement qui est important dans le cadre de la lutte contre la r\u00e9sistance aux antimicrobiens et qui requiert le traitement des m\u00e9dicaments v\u00e9t\u00e9rinaires non utilis\u00e9s, dont l\u2019exemple fran\u00e7ais n\u2019est pas remarquable (B).<\/p>\n\n\n\n<h2 class=\"wp-block-heading has-medium-font-size\">A) Le difficile d\u00e9veloppement de m\u00e9canismes alternatifs \u00e0&nbsp;l\u2019utilisation d\u2019antimicrobiens<\/h2>\n\n\n\n<p class=\"has-text-align-justify has-background\" style=\"background-color:#edf7fb\">En 2023, le Conseil de l\u2019Union europ\u00e9enne a pr\u00e9conis\u00e9 le d\u00e9veloppement, la disponibilit\u00e9 et l\u2019acc\u00e8s aux vaccins, qui sont des moyens permettant \u00ab&nbsp;de freiner la propagation des infections provoqu\u00e9es par des agents pathog\u00e8nes r\u00e9sistants aux antimicrobiens et de r\u00e9duire l\u2019utilisation d\u2019antimicrobiens&nbsp;\u00bb<a id=\"_ftnref22\" href=\"#_ftn22\">[22]<\/a>. Bien que le r\u00e8glement europ\u00e9en ne date que de 2018, il n\u2019y figure aucune disposition visant \u00e0 favoriser sp\u00e9cifiquement le d\u00e9veloppement ou la mise sur le march\u00e9 de vaccins. D\u2019embl\u00e9e, la question qui se pose est alors de savoir si un r\u00e8glement europ\u00e9en serait l\u2019acte normatif ad\u00e9quat en ce sens qu\u2019il serait suffisamment souple pour \u00eatre adapt\u00e9 au gr\u00e9 des \u00e9volutions des connaissances scientifiques. N\u00e9anmoins, un v\u00e9ritable d\u00e9calage entre sant\u00e9 humaine et sant\u00e9 animale peut \u00eatre identifi\u00e9 puisque la Commission europ\u00e9enne pr\u00e9conisait d\u00e9j\u00e0 en 2011, dans le secteur de la sant\u00e9 humaine, le d\u00e9veloppement de vaccins comme alternative aux traitements m\u00e9dicamenteux, y compris ceux g\u00e9n\u00e9rant une antibior\u00e9sistance<a id=\"_ftnref23\" href=\"#_ftn23\">[23]<\/a>. Ce qui est donc identifi\u00e9 en mati\u00e8re de pharmacie \u00e0 usage humain ne l\u2019est pas forc\u00e9ment en pharmacie \u00e0 usage v\u00e9t\u00e9rinaire, au d\u00e9triment d\u2019une approche globale.<br><br>Ensuite, parmi les moyens qui visent \u00e0 limiter la consommation d\u2019antimicrobiens figure l\u2019am\u00e9lioration du bien-\u00eatre animal. Plus l\u2019animal est bien trait\u00e9, moins il a de risque de d\u00e9velopper des maladies et d\u2019avoir besoin de traitements antimicrobiens<a id=\"_ftnref24\" href=\"#_ftn24\">[24]<\/a>. Dans le r\u00e8glement europ\u00e9en de 2018, ce lien entre bien-\u00eatre animal et consommation d\u2019antimicrobiens est pris en compte \u00e0 un seul \u00e9gard. En effet, il est d\u00e9sormais interdit d\u2019utiliser des antimicrobiens de fa\u00e7on syst\u00e9matique pour \u00ab&nbsp;compenser de mauvaises conditions d\u2019hygi\u00e8ne, des conditions d\u2019\u00e9levage inappropri\u00e9es, un manque de soins ou encore une mauvaise gestion de l\u2019exploitation&nbsp;\u00bb<a id=\"_ftnref25\" href=\"#_ftn25\">[25]<\/a>. Dans une communication au Conseil et au Parlement, la Commission europ\u00e9enne admet que la promotion de certains r\u00e9gimes alimentaires \u00ab&nbsp;qui favorisent la bonne sant\u00e9 et le bien-\u00eatre des animaux&nbsp;\u00bb permettrait de r\u00e9duire la consommation d\u2019antimicrobiens<a id=\"_ftnref26\" href=\"#_ftn26\">[26]<\/a>. De fa\u00e7on g\u00e9n\u00e9rale, la Commission a admis qu\u2019il \u00e9tait \u00ab&nbsp;urgent [\u2026] d\u2019am\u00e9liorer le bien-\u00eatre des animaux&nbsp;\u00bb<a id=\"_ftnref27\" href=\"#_ftn27\">[27]<\/a>, et elle a promis une \u00e9valuation et une r\u00e9vision de la l\u00e9gislation existant au plus tard au dernier trimestre 2023<a id=\"_ftnref28\" href=\"#_ftn28\">[28]<\/a>. En effet, elle a non seulement consid\u00e9r\u00e9 qu\u2019il y a globalement un niveau sous optimal de bien-\u00eatre animal dans l\u2019Union mais aussi qu\u2019il est n\u00e9cessaire de passer par une r\u00e9forme de la l\u00e9gislation pour r\u00e9pondre aux attentes des citoyens europ\u00e9ens<a id=\"_ftnref29\" href=\"#_ftn29\">[29]<\/a>. Malgr\u00e9 ce constat, et malgr\u00e9 l\u2019impact pour la sant\u00e9 humaine et l\u2019environnement, et la volont\u00e9 de r\u00e9former le droit de l\u2019Union en la mati\u00e8re, la Commission n\u2019a pas tenu son engagement, sauf en ce qui concerne le transport d\u2019animaux<a id=\"_ftnref30\" href=\"#_ftn30\">[30]<\/a>. Si l\u2019approche \u00ab&nbsp;une seule sant\u00e9&nbsp;\u00bb est holistique, les institutions europ\u00e9ennes devraient accentuer les mesures pr\u00e9ventives de l\u2019utilisation d\u2019antimicrobiens<a id=\"_ftnref31\" href=\"#_ftn31\">[31]<\/a>, incluant une am\u00e9lioration notable de la protection des animaux de rente.<br><br>La derni\u00e8re lacune importante qu\u2019il convient d\u2019\u00e9voquer dans le cadre de la mise en \u0153uvre de l\u2019approche une seule sant\u00e9 en mati\u00e8re de r\u00e9sistance aux antimicrobiens porte sur la protection de l\u2019environnement li\u00e9e \u00e0 la destruction des m\u00e9dicaments v\u00e9t\u00e9rinaires non utilis\u00e9s sp\u00e9cifiquement sur le territoire fran\u00e7ais.<\/p>\n\n\n\n<h2 class=\"wp-block-heading has-medium-font-size\">B) Une protection incompl\u00e8te de l\u2019environnement face \u00e0 la pollution par&nbsp;les&nbsp;antimicrobiens en France<\/h2>\n\n\n\n<p class=\"has-text-align-justify has-background\" style=\"background-color:#edf7fb\">Le l\u00e9gislateur europ\u00e9en a pr\u00e9vu en 2018 qu\u2019il appartient aux \u00c9tats de veiller \u00ab&nbsp;\u00e0 ce que des dispositifs appropri\u00e9s soient en place pour la reprise et l\u2019\u00e9limination des d\u00e9chets issus des m\u00e9dicaments v\u00e9t\u00e9rinaires&nbsp;\u00bb<a id=\"_ftnref32\" href=\"#_ftn32\">[32]<\/a>. Les \u00c9tats membres disposaient jusqu\u2019au 28&nbsp;janvier 2022 pour mettre leur droit en conformit\u00e9 avec le r\u00e8glement europ\u00e9en. Si la France a d\u00e9but\u00e9 l\u2019adaptation de sa l\u00e9gislation<a id=\"_ftnref33\" href=\"#_ftn33\">[33]<\/a>, il n\u2019existe pas de fili\u00e8re d\u00e9di\u00e9e au traitement des m\u00e9dicaments v\u00e9t\u00e9rinaires non utilis\u00e9s. L\u2019ordre des v\u00e9t\u00e9rinaires pr\u00e9conise que les propri\u00e9taires d\u2019animaux les jettent avec les ordures m\u00e9nag\u00e8res d\u00e8s lors qu\u2019ils seront incin\u00e9r\u00e9s et qu\u2019ils ne peuvent pas \u00eatre repris tout au long de la fili\u00e8re<a id=\"_ftnref34\" href=\"#_ftn34\">[34]<\/a>. Cette politique s\u2019\u00e9loigne consid\u00e9rablement de celle des m\u00e9dicaments \u00e0 usage humain, alors qu\u2019elle cr\u00e9e un risque de pollution de l\u2019environnement.<br><br>En pharmacie \u00e0 usage humain, la r\u00e9cup\u00e9ration des m\u00e9dicaments non utilis\u00e9s vise \u00e0 prot\u00e9ger les patients des dangers li\u00e9s \u00e0 un nouvel usage inad\u00e9quat, tout en diminuant les risques de pollution de l\u2019environnement. Aux termes de l\u2019article&nbsp;L. 541-10-1 du code de l\u2019environnement, les m\u00e9dicaments vis\u00e9s \u00e0 l\u2019article&nbsp;L. 5111-1 du code de la sant\u00e9 publique rel\u00e8vent du principe de responsabilit\u00e9 \u00e9largie du producteur. Or, cet article&nbsp;L.&nbsp;5111-1 d\u00e9finit les m\u00e9dicaments \u00e0 usage humain et renvoie \u00e0 l\u2019article&nbsp;L.&nbsp;5141\u20111 du code de la sant\u00e9 publique pour la d\u00e9finition des m\u00e9dicaments \u00e0 usage v\u00e9t\u00e9rinaire&nbsp;: ces derniers sont exclus de ce dispositif. D\u2019ailleurs, les modalit\u00e9s de traitement des m\u00e9dicaments non utilis\u00e9s figurent dans une section du code de la sant\u00e9 publique intitul\u00e9e \u00ab&nbsp;m\u00e9dicaments \u00e0 usage humain non utilis\u00e9s&nbsp;\u00bb<a id=\"_ftnref35\" href=\"#_ftn35\">[35]<\/a> et il n\u2019existe aucun \u00e9quivalent pour les m\u00e9dicaments \u00e0 usage v\u00e9t\u00e9rinaire. Les industriels de la pharmacie v\u00e9t\u00e9rinaire ne rel\u00e8vent donc pas du r\u00e9gime de responsabilit\u00e9 \u00e9largie des producteurs. Ils n\u2019ont donc pas \u00e0 pourvoir ou \u00e0 contribuer \u00e0 la pr\u00e9vention et \u00e0 la gestion des d\u00e9chets qui proviennent de leurs produits ainsi qu\u2019\u00e0 adopter une d\u00e9marche d\u2019\u00e9coconception des produits [\u2026] ou encore \u00e0 contribuer \u00e0 des projets d\u2019aide au d\u00e9veloppement en mati\u00e8re de collecte et de traitement de leurs d\u00e9chets et \u00e0 d\u00e9velopper le recyclage des d\u00e9chets issus des produits<a id=\"_ftnref36\" href=\"#_ftn36\">[36]<\/a>. Effectivement, d\u2019ordinaire, les producteurs s\u2019acquittent de leurs obligations en mettant en place collectivement des \u00e9co-organismes agr\u00e9\u00e9s dont ils assurent la gouvernance et auxquels ils transf\u00e8rent leur obligation et versent en contrepartie une contribution financi\u00e8re. Dans le secteur des m\u00e9dicaments \u00e0 usage humain, l\u2019association Cyclamed a \u00e9t\u00e9 cr\u00e9\u00e9e par les industriels et b\u00e9n\u00e9ficie d\u2019un agr\u00e9ment en tant qu\u2019\u00e9co-organisme jusqu\u2019en 2027<a id=\"_ftnref37\" href=\"#_ftn37\">[37]<\/a>. Il peut \u00eatre d\u00e9rog\u00e9 \u00e0 ce principe de gouvernance par d\u00e9cret lorsqu\u2019aucun \u00e9co-organisme agr\u00e9\u00e9 n\u2019a \u00e9t\u00e9 mis en place par les producteurs. Concernant les m\u00e9dicaments v\u00e9t\u00e9rinaires, on ne trouve ni \u00e9co-organisme, ni d\u00e9cret permettant d\u2019y d\u00e9roger.<br><br>Cette lacune a \u00e9t\u00e9 mise en lumi\u00e8re d\u00e8s 2008 par le Haut Conseil de la sant\u00e9 publique lorsqu\u2019il a rendu son avis sur le projet de d\u00e9cret relatif \u00e0 la collecte et \u00e0 la destruction des m\u00e9dicaments \u00e0 usage humain non utilis\u00e9s<a id=\"_ftnref38\" href=\"#_ftn38\">[38]<\/a>. Il existe donc une marge d\u2019am\u00e9lioration certaine du champ mat\u00e9riel de la responsabilit\u00e9 \u00e9largie des producteurs de produits de sant\u00e9<a id=\"_ftnref39\" href=\"#_ftn39\">[39]<\/a>, saisie par le l\u00e9gislateur europ\u00e9en sp\u00e9cifiquement pour le m\u00e9dicament \u00e0 usage humain<a id=\"_ftnref40\" href=\"#_ftn40\">[40]<\/a>. Pourtant, le lien entre protection de l\u2019environnement et d\u00e9veloppement de la r\u00e9sistance aux antimicrobiens, \u00e0 laquelle la dispersion de r\u00e9sidus de m\u00e9dicaments dans l\u2019environnement contribue ne fait pas de doute<a id=\"_ftnref41\" href=\"#_ftn41\">[41]<\/a>.<br><br>En pratique, il existe Cyclavet dans le secteur du m\u00e9dicament v\u00e9t\u00e9rinaire, qui est un service payant de la soci\u00e9t\u00e9 Veternity&nbsp;: ce service, propos\u00e9 aux v\u00e9t\u00e9rinaires, leur permet d\u2019\u00eatre un point de collecte des m\u00e9dicaments v\u00e9t\u00e9rinaires non utilis\u00e9s des particuliers. Les v\u00e9t\u00e9rinaires n\u2019ont aucune obligation de participer \u00e0 cette collecte et il n\u2019appartient pas aux industriels du m\u00e9dicament v\u00e9t\u00e9rinaire de la financer, contrairement au secteur du m\u00e9dicament \u00e0 usage humain. Cyclamed et Cyclavet expliquent aux particuliers comment d\u00e9terminer s\u2019ils doivent ramener le m\u00e9dicament chez le pharmacien ou chez le v\u00e9t\u00e9rinaire&nbsp;: \u00ab&nbsp;la cl\u00e9 serait la provenance du m\u00e9dicament&nbsp;\u00bb<a id=\"_ftnref42\" href=\"#_ftn42\">[42]<\/a>. Le pharmacien serait celui vers qui se tourner pour ramener les m\u00e9dicaments qui proviennent de la pharmacop\u00e9e humaine (donc les m\u00e9dicaments \u00e0 usage humain), et le v\u00e9t\u00e9rinaire serait celui \u00e0 qui ramener les m\u00e9dicaments v\u00e9t\u00e9rinaires fournis ou vendus par un v\u00e9t\u00e9rinaire. Toutefois, cette explication se r\u00e9v\u00e8le lacunaire d\u00e8s lors que l\u2019on sait que le pharmacien est tout \u00e0 fait habilit\u00e9 \u00e0 d\u00e9livrer les m\u00e9dicaments \u00e0 usage v\u00e9t\u00e9rinaire, puisque leur monopole est partag\u00e9 avec les v\u00e9t\u00e9rinaires<a id=\"_ftnref43\" href=\"#_ftn43\">[43]<\/a>. Cette id\u00e9e selon laquelle \u00ab&nbsp;la cl\u00e9 serait la provenance du m\u00e9dicament&nbsp;\u00bb trouve donc une s\u00e9rieuse limite.<br><br>\u00c0 l\u2019heure actuelle, le secteur du m\u00e9dicament v\u00e9t\u00e9rinaire en France interroge quant \u00e0 ses cons\u00e9quences environnementales, particuli\u00e8rement en mati\u00e8re de gestion des m\u00e9dicaments non utilis\u00e9s. Si la fili\u00e8re Cyclamed permet aux particuliers de se d\u00e9barrasser des m\u00e9dicaments \u00e0 usage humain non utilis\u00e9s aupr\u00e8s des pharmacies d\u2019officine, il n\u2019existe pas d\u2019\u00e9co-organisme agr\u00e9\u00e9 dans la sph\u00e8re du m\u00e9dicament v\u00e9t\u00e9rinaire&nbsp;: les m\u00e9dicaments v\u00e9t\u00e9rinaires non utilis\u00e9s sont d\u00e9truits par la voie des ordures m\u00e9nag\u00e8res. L\u2019interrogation reste donc enti\u00e8re sur la satisfaction par le droit fran\u00e7ais de la nouvelle exigence impos\u00e9e par le droit de l\u2019Union europ\u00e9enne.<br><br>En conclusion, il appara\u00eet que la lutte contre la r\u00e9sistance aux antimicrobiens est bien d\u00e9velopp\u00e9e dans le secteur de la pharmacie v\u00e9t\u00e9rinaire, ce qui contribue \u00e0 une approche globale entre les sant\u00e9s humaine et animale. N\u00e9anmoins, des lacunes sont notables, notamment sur la capacit\u00e9 des institutions \u00e0 d\u00e9passer les sous-cat\u00e9gories juridiques auxquelles appartiennent les animaux, et \u00e0 imposer des r\u00e8gles qui ne portent pas exclusivement sur les antimicrobiens mais sur la pharmacie v\u00e9t\u00e9rinaire de fa\u00e7on g\u00e9n\u00e9rale, permettant le d\u00e9veloppement d\u2019alternatives \u00e0 ces produits ou encore un traitement raisonnable des d\u00e9chets que les m\u00e9dicaments v\u00e9t\u00e9rinaires g\u00e9n\u00e8rent. Le cloisonnement consubstantiel au droit semble ainsi apporter une s\u00e9rieuse limite \u00e0 une approche globale d\u2019une seule sant\u00e9.<\/p>\n\n\n\n<hr class=\"wp-block-separator has-alpha-channel-opacity\"\/>\n\n\n\n<p><a href=\"#_ftnref1\" id=\"_ftn1\"><sup>[1]<\/sup><\/a> B. Vallat, \u00ab&nbsp;Pr\u00e9face. Une seule sant\u00e9&nbsp;\u00bb, <em>Rev. sci. tech. <\/em><em>Off. int. Epiz<\/em>., 2014, 33 (2), p.&nbsp;371-372, sp\u00e9. p.&nbsp;371.<\/p>\n\n\n\n<p class=\"has-text-align-justify\"><a href=\"#_ftnref2\" id=\"_ftn2\"><sup>[2]<\/sup><\/a> C. Stephen, W. B. Karesh, \u00ab&nbsp;Le concept \u201cUne seule sant\u00e9\u201d donne-t-il des r\u00e9sultats&nbsp;?&nbsp;\u00bb, <em>Rev. sci. tech. <\/em><em>Off. int. Epiz<\/em>., 2014, 33 (2), p.&nbsp;381-396, sp\u00e9. p.&nbsp;381.<\/p>\n\n\n\n<p class=\"has-text-align-justify\"><a href=\"#_ftnref3\" id=\"_ftn3\"><sup>[3]<\/sup><\/a> S. Desmoulin, \u00ab&nbsp;\u201cOne Health&nbsp;! Une seule sant\u00e9&nbsp;!\u201d&nbsp;: slogan pour temps de crise ou nouvel horizon de la sant\u00e9 publique&nbsp;?&nbsp;\u00bb, <em>Revue semestrielle de droit animalier, <\/em>2014\/1, p.&nbsp;419.<\/p>\n\n\n\n<p class=\"has-text-align-justify\"><a href=\"#_ftnref4\" id=\"_ftn4\"><sup>[4]<\/sup><\/a> Consid\u00e9rant 9 du r\u00e8glement (UE) 2016\/429 du Parlement europ\u00e9en et du Conseil du 9&nbsp;mars 2016 relatif aux maladies animales transmissibles et modifiant et abrogeant certains actes dans le domaine de la sant\u00e9 animale (\u00ab&nbsp;l\u00e9gislation sur la sant\u00e9 animale&nbsp;\u00bb), <em>JO L<\/em> 84 du 31&nbsp;mars 2016, p.&nbsp;2.<\/p>\n\n\n\n<p class=\"has-text-align-justify\"><a href=\"#_ftnref5\" id=\"_ftn5\"><sup>[5]<\/sup><\/a> Consid\u00e9rant 41 du r\u00e8glement (UE) 2019\/6 du Parlement europ\u00e9en et du Conseil du 11&nbsp;d\u00e9cembre 2018 relatif aux m\u00e9dicaments v\u00e9t\u00e9rinaires et abrogeant la directive 2001\/82\/CE, <em>JO L<\/em> 4 du 7&nbsp;janvier 2019, p.&nbsp;48.<\/p>\n\n\n\n<p><a href=\"#_ftnref6\" id=\"_ftn6\"><sup>[6]<\/sup><\/a> Consid\u00e9rant 9 du r\u00e8glement (UE) 2019\/6 du Parlement europ\u00e9en et du Conseil du 11&nbsp;d\u00e9cembre 2018 pr\u00e9cit\u00e9.<\/p>\n\n\n\n<p><a href=\"#_ftnref7\" id=\"_ftn7\"><sup>[7]<\/sup><\/a> Consid\u00e9rant 41 du r\u00e8glement (UE) 2019\/6 du Parlement europ\u00e9en et du Conseil du 11&nbsp;d\u00e9cembre 2018 pr\u00e9cit\u00e9.<\/p>\n\n\n\n<p><a href=\"#_ftnref8\" id=\"_ftn8\"><sup>[8]<\/sup><\/a> Article 4 du r\u00e8glement (UE) 2019\/6 du Parlement europ\u00e9en et du Conseil du 11&nbsp;d\u00e9cembre 2018 pr\u00e9cit\u00e9.<\/p>\n\n\n\n<p><a href=\"#_ftnref9\" id=\"_ftn9\"><sup>[9]<\/sup><\/a> Article 8 \u00a7&nbsp;2 du r\u00e8glement (UE) 2019\/6 du Parlement europ\u00e9en et du Conseil du 11&nbsp;d\u00e9cembre 2018 pr\u00e9cit\u00e9.<\/p>\n\n\n\n<p class=\"has-text-align-justify\"><a href=\"#_ftnref10\" id=\"_ftn10\"><sup>[10]<\/sup><\/a> Article 12 \u00a7&nbsp;3 de la directive 2001\/82\/CE du Parlement europ\u00e9en et du Conseil du 6 novembre 2001 instituant un code communautaire relatif aux m\u00e9dicaments v\u00e9t\u00e9rinaires, <em>JO L<\/em> 311 du 28 novembre 2001, p.&nbsp;13.<\/p>\n\n\n\n<p><a href=\"#_ftnref11\" id=\"_ftn11\"><sup>[11]<\/sup><\/a> Article 37 du r\u00e8glement (UE) 2019\/6 du Parlement europ\u00e9en et du Conseil du 11&nbsp;d\u00e9cembre 2018 pr\u00e9cit\u00e9.<\/p>\n\n\n\n<p class=\"has-text-align-justify\"><a href=\"#_ftnref12\" id=\"_ftn12\"><sup>[12]<\/sup><\/a> R\u00e8glement d\u00e9l\u00e9gu\u00e9 (UE) 2021\/1760 de la Commission du 26 mai 2021 compl\u00e9tant le r\u00e8glement (UE) 2019\/6 du Parlement europ\u00e9en et du Conseil en d\u00e9finissant les crit\u00e8res pour la d\u00e9signation des antimicrobiens qui doivent \u00eatre r\u00e9serv\u00e9s au traitement de certaines infections chez l\u2019homme, <em>JO L<\/em> 353 du 6 octobre 2021, p.&nbsp;1.<\/p>\n\n\n\n<p class=\"has-text-align-justify\"><a href=\"#_ftnref13\" id=\"_ftn13\"><sup>[13]<\/sup><\/a> Les deux autres crit\u00e8res sont relatifs \u00e0 l\u2019importance majeure de l\u2019antimicrobien pour la sant\u00e9 humaine et le risque de transmission de la r\u00e9sistance.<\/p>\n\n\n\n<p><a href=\"#_ftnref14\" id=\"_ftn14\"><sup>[14]<\/sup><\/a> Article 39 \u00a7&nbsp;1, b) du r\u00e8glement (UE) 2019\/6 du Parlement europ\u00e9en et du Conseil du 11&nbsp;d\u00e9cembre 2018 pr\u00e9cit\u00e9.<\/p>\n\n\n\n<p><a href=\"#_ftnref15\" id=\"_ftn15\"><sup>[15]<\/sup><\/a> Article&nbsp;36 \u00a7&nbsp;2 du r\u00e8glement (UE) 2019\/6 du Parlement europ\u00e9en et du Conseil du 11&nbsp;d\u00e9cembre 2018 pr\u00e9cit\u00e9.<\/p>\n\n\n\n<p><a href=\"#_ftnref16\" id=\"_ftn16\"><sup>[16]<\/sup><\/a> Article 107 du r\u00e8glement (UE) 2019\/6 du Parlement europ\u00e9en et du Conseil du 11&nbsp;d\u00e9cembre 2018 pr\u00e9cit\u00e9.<\/p>\n\n\n\n<p class=\"has-text-align-justify\"><a href=\"#_ftnref17\" id=\"_ftn17\"><sup>[17]<\/sup><\/a> La m\u00e9taphylaxie est d\u00e9finie comme \u00e9tant \u00ab&nbsp;l\u2019administration d\u2019un m\u00e9dicament \u00e0 un groupe d\u2019animaux apr\u00e8s qu\u2019un diagnostic d\u2019une maladie clinique a \u00e9t\u00e9 \u00e9tabli pour une partie du groupe, dans le but de traiter les animaux cliniquement malades et d\u2019enrayer la propagation de la maladie aux animaux en contact \u00e9troit avec les animaux malades et expos\u00e9s au risque de contamination, et qui peuvent d\u00e9j\u00e0 \u00eatre infect\u00e9s de mani\u00e8re subclinique&nbsp;\u00bb (article&nbsp;4 pt 15 du r\u00e8glement (UE) 2019\/6 du Parlement europ\u00e9en et du Conseil du 11&nbsp;d\u00e9cembre 2018 pr\u00e9cit\u00e9).<\/p>\n\n\n\n<p><a href=\"#_ftnref18\" id=\"_ftn18\"><sup>[18]<\/sup><\/a> Article 34 du r\u00e8glement (UE) 2019\/6 du Parlement europ\u00e9en et du Conseil du 11&nbsp;d\u00e9cembre 2018 pr\u00e9cit\u00e9.<\/p>\n\n\n\n<p><a href=\"#_ftnref19\" id=\"_ftn19\"><sup>[19]<\/sup><\/a> Article 57 \u00a7&nbsp;1 du r\u00e8glement (UE) 2019\/6 du Parlement europ\u00e9en et du Conseil du 11&nbsp;d\u00e9cembre 2018 pr\u00e9cit\u00e9.<\/p>\n\n\n\n<p class=\"has-text-align-justify\"><a href=\"#_ftnref20\" id=\"_ftn20\"><sup>[20]<\/sup><\/a> Communication de la Commission au Parlement europ\u00e9en, au Conseil, au Comit\u00e9 \u00e9conomique et social europ\u00e9en et au Comit\u00e9 des r\u00e9gions \u2013 Une strat\u00e9gie \u00ab&nbsp;De la ferme \u00e0 la table&nbsp;\u00bb pour un syst\u00e8me alimentaire \u00e9quitable, sain et respectueux de l&rsquo;environnement, COM (2020) 381 final.<\/p>\n\n\n\n<p class=\"has-text-align-justify\"><a href=\"#_ftnref21\" id=\"_ftn21\"><sup>[21]<\/sup><\/a> R\u00e8glement (UE) 2021\/2115 du Parlement europ\u00e9en et du Conseil du 2 d\u00e9cembre 2021 \u00e9tablissant des r\u00e8gles r\u00e9gissant l&rsquo;aide aux plans strat\u00e9giques devant \u00eatre \u00e9tablis par les \u00c9tats membres dans le cadre de la politique agricole commune (plans strat\u00e9giques relevant de la PAC) et financ\u00e9s par le Fonds europ\u00e9en agricole de garantie (FEAGA) et par le Fonds europ\u00e9en agricole pour le d\u00e9veloppement rural (Feader), et abrogeant les r\u00e8glements (UE) n\u00b0&nbsp;1305\/ 2013 et (UE) n\u00b0&nbsp;1307\/2013, <em>JO L<\/em> 435 du 6&nbsp;d\u00e9cembre 2021, p.&nbsp;1.<\/p>\n\n\n\n<p class=\"has-text-align-justify\"><a href=\"#_ftnref22\" id=\"_ftn22\"><sup>[22]<\/sup><\/a> Consid\u00e9rant 30 de la recommandation du Conseil relative au renforcement des actions de l\u2019Union visant \u00e0 lutter contre la r\u00e9sistance aux antimicrobiens dans le cadre d\u2019une approche \u00ab&nbsp;Une seule sant\u00e9&nbsp;\u00bb, 22&nbsp;juin 2023, 2023\/C 220\/01.<\/p>\n\n\n\n<p class=\"has-text-align-justify\"><a href=\"#_ftnref23\" id=\"_ftn23\"><sup>[23]<\/sup><\/a> Action n\u00b0&nbsp;11 de la Communication de la Commission au Parlement europ\u00e9en et au Conseil dans le cadre du plan d\u2019action pour combattre les menaces croissantes de la r\u00e9sistance aux antimicrobiens, Bruxelles, 15&nbsp;novembre 2011, COM(2011) 0748 final.<\/p>\n\n\n\n<p class=\"has-text-align-justify\"><a href=\"#_ftnref24\" id=\"_ftn24\"><sup>[24]<\/sup><\/a> OIE Animal Production Food Safety Working Group, \u00ab&nbsp;Guide to good farming practices for animal production food safety&nbsp;\u00bb,<em> Rev. sci. tech. <\/em><em>Off. int. Epiz<\/em>., 2006, 25 (2), p.&nbsp;823-836, sp\u00e9. p.&nbsp;830.<\/p>\n\n\n\n<p><a href=\"#_ftnref25\" id=\"_ftn25\"><sup>[25]<\/sup><\/a> Article 107 du r\u00e8glement (UE) 2019\/6 du Parlement europ\u00e9en et du Conseil du 11&nbsp;d\u00e9cembre 2018 pr\u00e9cit\u00e9.<\/p>\n\n\n\n<p class=\"has-text-align-justify\"><a href=\"#_ftnref26\" id=\"_ftn26\"><sup>[26]<\/sup><\/a> Communication de la Commission europ\u00e9enne au Conseil et au Parlement europ\u00e9en, Plan d\u2019action europ\u00e9en fond\u00e9 sur le principe \u00ab&nbsp;Une seule sant\u00e9&nbsp;\u00bb pour combattre la r\u00e9sistance aux antimicrobiens, Bruxelles, 29 juin 2017, COM(2017) 339 final, p.&nbsp;12.<\/p>\n\n\n\n<p class=\"has-text-align-justify\"><a href=\"#_ftnref27\" id=\"_ftn27\"><sup>[27]<\/sup><\/a> Communication de la Commission au Parlement europ\u00e9en, au Conseil, au comit\u00e9 \u00e9conomique et social europ\u00e9en et au comit\u00e9 des r\u00e9gions, Une strat\u00e9gie \u00ab&nbsp;De la ferme \u00e0 la table&nbsp;\u00bb pour un syst\u00e8me alimentaire \u00e9quitable, sain et respectueux de l\u2019environnement, Bruxelles, 20 mai 2020, COM(2020) 381&nbsp;final, p.&nbsp;3.<\/p>\n\n\n\n<p><a href=\"#_ftnref28\" id=\"_ftn28\"><sup>[28]<\/sup><\/a> <em>Ibid<\/em>, annexe, p.&nbsp;2.<\/p>\n\n\n\n<p class=\"has-text-align-justify\"><a href=\"#_ftnref29\" id=\"_ftn29\"><sup>[29]<\/sup><\/a> Commission staff working document, Fitness check of the EU Animal Welfare legislation, Bruxelles, 4 octobre 2022, SWD(2022) 329 final.<\/p>\n\n\n\n<p class=\"has-text-align-justify\"><a href=\"#_ftnref30\" id=\"_ftn30\"><sup>[30]<\/sup><\/a> Proposition de r\u00e8glement du Parlement europ\u00e9en et du Conseil relatif \u00e0 la protection des animaux pendant le transport et les op\u00e9rations annexes, modifiant le r\u00e8glement (CE) n\u00ba&nbsp;1255\/97 du Conseil et abrogeant le r\u00e8glement (CE) n\u00ba&nbsp;1\/2005 du Conseil, Bruxelles, 7 d\u00e9cembre 2023, COM\/2023\/770 final.<\/p>\n\n\n\n<p class=\"has-text-align-justify\"><a href=\"#_ftnref31\" id=\"_ftn31\"><sup>[31]<\/sup><\/a> V. sur le d\u00e9veloppement de m\u00e9dicaments v\u00e9t\u00e9rinaires \u00e0 base de plantes&nbsp;: M. Cintrat, \u00ab&nbsp;Les plantes pour soigner les animaux \u2013 regard d\u2019une juriste&nbsp;\u00bb, <em>Revue semestrielle de droit animalier<\/em>, 2023\/1, p.&nbsp;303\u2011309.<\/p>\n\n\n\n<p class=\"has-text-align-justify\"><a href=\"#_ftnref32\" id=\"_ftn32\"><sup>[32]<\/sup><\/a> Article 117 du r\u00e8glement (UE) 2019\/6 du Parlement europ\u00e9en et du Conseil du 11&nbsp;d\u00e9cembre 2018 pr\u00e9cit\u00e9.<\/p>\n\n\n\n<p class=\"has-text-align-justify\"><a href=\"#_ftnref33\" id=\"_ftn33\"><sup>[33]<\/sup><\/a> M. Cintrat, \u00ab&nbsp;M\u00e9dicament v\u00e9t\u00e9rinaire&nbsp;: autorisation de mise sur le march\u00e9&nbsp;\u00bb, <em>Dictionnaire permanent de bio\u00e9thique et de biotechnologie<\/em>, Lefebvre-Dalloz.<\/p>\n\n\n\n<p><a href=\"#_ftnref34\" id=\"_ftn34\"><sup>[34]<\/sup><\/a> V. le site de l\u2019ordre des v\u00e9t\u00e9rinaires, fiche professionnelle \u00ab&nbsp;<a href=\"https:\/\/www.veterinaire.fr\/je-suis-veterinaire\/mon-exercice-professionnel\/les-fiches-professionnelles\/regroupement-par-le-veterinaire-des-medicaments-non-utilises-mnu\">Regroupement par le v\u00e9t\u00e9rinaire des m\u00e9dicaments non utilis\u00e9s (MNU)<\/a>&nbsp;\u00bb.<\/p>\n\n\n\n<p class=\"has-text-align-justify\"><a href=\"#_ftnref35\" id=\"_ftn35\"><sup>[35]<\/sup><\/a> De m\u00eame, on peut remarquer que l\u2019arr\u00eat\u00e9 du 29&nbsp;octobre 2021 portant cahiers des charges des \u00e9co-organismes et des syst\u00e8mes individuels de la fili\u00e8re \u00e0 responsabilit\u00e9 \u00e9largie des producteurs de m\u00e9dicaments ne vise que les producteurs de m\u00e9dicaments \u00e0 usage humain. On peut aussi noter que le code de la sant\u00e9 publique organise la collecte gratuite des m\u00e9dicaments non utilis\u00e9s par les officines de pharmacie et par les pharmacies \u00e0 usage int\u00e9rieur que pour \u00ab&nbsp;les m\u00e9dicaments \u00e0 usage humain inutilis\u00e9s ou p\u00e9rim\u00e9s d\u00e9tenus par les particuliers&nbsp;\u00bb (article&nbsp;R. 4211-23 du code de la sant\u00e9 publique).<\/p>\n\n\n\n<p><a href=\"#_ftnref36\" id=\"_ftn36\"><sup>[36]<\/sup><\/a> Article L. 541-10 du code de l\u2019environnement.<\/p>\n\n\n\n<p class=\"has-text-align-justify\"><a href=\"#_ftnref37\" id=\"_ftn37\"><sup>[37]<\/sup><\/a> Arr\u00eat\u00e9 minist\u00e9riel du 22&nbsp;d\u00e9cembre 2021 portant agr\u00e9ment d\u2019un \u00e9co-organisme de la fili\u00e8re \u00e0 responsabilit\u00e9 \u00e9largie des producteurs de m\u00e9dicaments.<\/p>\n\n\n\n<p class=\"has-text-align-justify\"><a href=\"#_ftnref38\" id=\"_ftn38\"><sup>[38]<\/sup><\/a> Avis du HCSP sur le projet de d\u00e9cret relatif \u00e0 la collecte et \u00e0 la destruction des m\u00e9dicaments \u00e0 usage humain non utilis\u00e9s et modifiant le code de la sant\u00e9 publique (dispositions r\u00e9glementaires) du 17 oct. 2008.<\/p>\n\n\n\n<p class=\"has-text-align-justify\"><a href=\"#_ftnref39\" id=\"_ftn39\"><sup>[39]<\/sup><\/a> L\u2019article&nbsp;L. 541-10-1 du code de l\u2019environnement soumet les industries produisant un m\u00e9dicament tel que d\u00e9fini \u00e0 l\u2019article&nbsp;L. 5111-1 du code de la sant\u00e9 publique au r\u00e9gime de la responsabilit\u00e9 \u00e9largie des producteurs. Jusqu\u2019en mars 2022, les m\u00e9dicaments v\u00e9t\u00e9rinaires \u00e9taient vis\u00e9s dans cet article&nbsp;(ord. du 23 mars 2022 portant adaptation des dispositions du code de la sant\u00e9 publique et du code rural et de la p\u00eache maritime au droit de l\u2019Union europ\u00e9enne dans le domaine des m\u00e9dicaments v\u00e9t\u00e9rinaires et aliments m\u00e9dicamenteux, art.&nbsp;1).<\/p>\n\n\n\n<p class=\"has-text-align-justify\"><a href=\"#_ftnref40\" id=\"_ftn40\"><sup>[40]<\/sup><\/a> La refonte de la directive relative au traitement des eaux r\u00e9siduaires organise la soumission des m\u00e9dicaments \u00e0 usage exclusivement humain au r\u00e9gime de responsabilit\u00e9 \u00e9largie des producteurs (consid\u00e9rant 20 et annexe III de la directive [UE] 2024\/3019 du Parlement europ\u00e9en et du Conseil du 27 novembre 2024 relative au traitement des eaux r\u00e9siduaires urbaines [refonte]).<\/p>\n\n\n\n<p class=\"has-text-align-justify\"><a href=\"#_ftnref41\" id=\"_ftn41\"><sup>[41]<\/sup><\/a> Communication de la Commission au Parlement europ\u00e9en et au Conseil dans le cadre du plan d\u2019action pour combattre les menaces croissantes de la r\u00e9sistance aux antimicrobiens pr\u00e9cit\u00e9e, p.&nbsp;1.<\/p>\n\n\n\n<p class=\"has-text-align-justify\"><a href=\"#_ftnref42\" id=\"_ftn42\"><sup>[42]<\/sup><\/a> V. le site internet de Cyclavet&nbsp;: [<a href=\"https:\/\/www.cyclavet.fr\/et-les-mnu-veterinaires-on-en-parle\">https:\/\/www.cyclavet.fr\/et-les-mnu-veterinaires-on-en-parle<\/a>] ou le site internet de Cyclamed&nbsp;: [<a href=\"https:\/\/www.cyclamed.org\/que-faire-des-mnu-veterinaires-9916\/\">https:\/\/www.cyclamed.org\/que-faire-des-mnu-veterinaires-9916\/<\/a>]<\/p>\n\n\n\n<p><a href=\"#_ftnref43\" id=\"_ftn43\"><sup>[43]<\/sup><\/a> Article L. 5143-2, I du code de la sant\u00e9 publique.<\/p>\n\n\n\n<hr class=\"wp-block-separator has-alpha-channel-opacity\"\/>\n\n\n\n<div class=\"wp-block-file\"><a id=\"wp-block-file--media-945f56d9-54f5-46fe-a2d9-9eaa02351a95\" href=\"https:\/\/confluencedesdroits-larevue.com\/wp-content\/uploads\/2025\/03\/One-Health_Une-seule-sante_Quelle-dynamique-de-la-protection-de-la-sante-animale-en-droit-de-l-Union-europeenne_M.-Cintrat-03-25.pdf\">One-Health_Une-seule-sante_Quelle-dynamique-de-la-protection-de-la-sante-animale-en-droit-de-l-Union-europeenne_M.-Cintrat-03-25<\/a><a href=\"https:\/\/confluencedesdroits-larevue.com\/wp-content\/uploads\/2025\/03\/One-Health_Une-seule-sante_Quelle-dynamique-de-la-protection-de-la-sante-animale-en-droit-de-l-Union-europeenne_M.-Cintrat-03-25.pdf\" class=\"wp-block-file__button wp-element-button\" download aria-describedby=\"wp-block-file--media-945f56d9-54f5-46fe-a2d9-9eaa02351a95\"><\/a><\/div>\n\n\n\n<p class=\"has-text-align-justify has-background\" style=\"background-color:#ededed\">Maud Cintrat, \u00ab&nbsp;One Health \u2013 Une seule sant\u00e9&nbsp;: quelle dynamique de la protection de la sant\u00e9 animale en droit de l\u2019Union europ\u00e9enne&nbsp;?&nbsp;\u00bb, One&nbsp;Health en droit international et europ\u00e9en [Dossier], <em>Confluence des droits_La<\/em>&nbsp;<em>revue<\/em> [En&nbsp;ligne], 03&nbsp;|&nbsp;2025, mis&nbsp;en ligne le 6&nbsp;mars 2025. URL : <a href=\"https:\/\/confluencedesdroits-larevue.com\/?p=3778\">https:\/\/confluencedesdroits-larevue.com\/?p=3778<\/a>.<\/p>\n","protected":false},"excerpt":{"rendered":"<p>Maud Cintrat, Ma\u00eetresse de conf\u00e9rences en droit public, Laboratoire Parcours sant\u00e9 syst\u00e9mique, UR\u00a04129, Membre associ\u00e9e du CERCRID, UMR\u00a05137, Universit\u00e9 de\u00a0Lyon<\/p>\n","protected":false},"author":2,"featured_media":3806,"comment_status":"closed","ping_status":"open","sticky":false,"template":"","format":"standard","meta":{"_editorskit_title_hidden":false,"_editorskit_reading_time":0,"_editorskit_is_block_options_detached":false,"_editorskit_block_options_position":"{}","footnotes":""},"categories":[5,3,13],"tags":[188,230,220,221,210],"yoast_head":"<!-- This site is optimized with the Yoast SEO plugin v21.0 - https:\/\/yoast.com\/wordpress\/plugins\/seo\/ -->\n<title>Maud Cintrat \u2013 One Health \/ Une seule sant\u00e9\u00a0: quelle\u00a0dynamique de la protection de la sant\u00e9 animale en\u00a0droit de l\u2019Union europ\u00e9enne\u00a0? - Confluence des droits_La revue<\/title>\n<meta name=\"robots\" content=\"index, follow, max-snippet:-1, max-image-preview:large, max-video-preview:-1\" \/>\n<link rel=\"canonical\" href=\"https:\/\/confluencedesdroits-larevue.com\/?p=3778\" \/>\n<meta property=\"og:locale\" content=\"fr_FR\" \/>\n<meta property=\"og:type\" content=\"article\" \/>\n<meta property=\"og:title\" content=\"Maud Cintrat \u2013 One Health \/ Une seule sant\u00e9\u00a0: quelle\u00a0dynamique de la protection de la sant\u00e9 animale en\u00a0droit de l\u2019Union europ\u00e9enne\u00a0? - Confluence des droits_La revue\" \/>\n<meta property=\"og:description\" content=\"Maud Cintrat, Ma\u00eetresse de conf\u00e9rences en droit public, Laboratoire Parcours sant\u00e9 syst\u00e9mique, UR\u00a04129, Membre associ\u00e9e du CERCRID, UMR\u00a05137, Universit\u00e9 de\u00a0Lyon\" \/>\n<meta property=\"og:url\" content=\"https:\/\/confluencedesdroits-larevue.com\/?p=3778\" \/>\n<meta property=\"og:site_name\" content=\"Confluence des droits_La revue\" \/>\n<meta property=\"article:published_time\" content=\"2025-03-06T14:35:30+00:00\" \/>\n<meta property=\"article:modified_time\" content=\"2025-04-09T13:15:43+00:00\" \/>\n<meta property=\"og:image\" content=\"https:\/\/confluencedesdroits-larevue.com\/wp-content\/uploads\/2025\/02\/dossier-one-health-FF-scaled.jpg\" \/>\n\t<meta property=\"og:image:width\" content=\"2560\" \/>\n\t<meta property=\"og:image:height\" content=\"1920\" \/>\n\t<meta property=\"og:image:type\" content=\"image\/jpeg\" \/>\n<meta name=\"author\" content=\"DICE \u00c9ditions\" \/>\n<meta name=\"twitter:card\" content=\"summary_large_image\" \/>\n<meta name=\"twitter:label1\" content=\"\u00c9crit par\" \/>\n\t<meta name=\"twitter:data1\" content=\"DICE \u00c9ditions\" \/>\n\t<meta name=\"twitter:label2\" content=\"Dur\u00e9e de lecture estim\u00e9e\" \/>\n\t<meta name=\"twitter:data2\" content=\"26 minutes\" \/>\n<script type=\"application\/ld+json\" class=\"yoast-schema-graph\">{\"@context\":\"https:\/\/schema.org\",\"@graph\":[{\"@type\":\"Article\",\"@id\":\"https:\/\/confluencedesdroits-larevue.com\/?p=3778#article\",\"isPartOf\":{\"@id\":\"https:\/\/confluencedesdroits-larevue.com\/?p=3778\"},\"author\":{\"name\":\"DICE \u00c9ditions\",\"@id\":\"https:\/\/confluencedesdroits-larevue.com\/#\/schema\/person\/5c2bef570684d183d7f5a81e4107304c\"},\"headline\":\"Maud Cintrat \u2013 One Health \/ Une seule sant\u00e9\u00a0: quelle\u00a0dynamique de la protection de la sant\u00e9 animale en\u00a0droit de l\u2019Union europ\u00e9enne\u00a0?\",\"datePublished\":\"2025-03-06T14:35:30+00:00\",\"dateModified\":\"2025-04-09T13:15:43+00:00\",\"mainEntityOfPage\":{\"@id\":\"https:\/\/confluencedesdroits-larevue.com\/?p=3778\"},\"wordCount\":5860,\"publisher\":{\"@id\":\"https:\/\/confluencedesdroits-larevue.com\/#organization\"},\"keywords\":[\"droit de l\u2019Union europ\u00e9enne\",\"m\u00e9dicaments v\u00e9t\u00e9rinaires\",\"pharmacie v\u00e9t\u00e9rinaire\",\"r\u00e9sistance aux antimicrobiens (RAM)\",\"sant\u00e9 animale\"],\"articleSection\":[\"Actu\",\"Articles\",\"Dossier\"],\"inLanguage\":\"fr-FR\"},{\"@type\":\"WebPage\",\"@id\":\"https:\/\/confluencedesdroits-larevue.com\/?p=3778\",\"url\":\"https:\/\/confluencedesdroits-larevue.com\/?p=3778\",\"name\":\"Maud Cintrat \u2013 One Health \/ Une seule sant\u00e9\u00a0: quelle\u00a0dynamique de la protection de la sant\u00e9 animale en\u00a0droit de l\u2019Union europ\u00e9enne\u00a0? - Confluence des droits_La revue\",\"isPartOf\":{\"@id\":\"https:\/\/confluencedesdroits-larevue.com\/#website\"},\"datePublished\":\"2025-03-06T14:35:30+00:00\",\"dateModified\":\"2025-04-09T13:15:43+00:00\",\"breadcrumb\":{\"@id\":\"https:\/\/confluencedesdroits-larevue.com\/?p=3778#breadcrumb\"},\"inLanguage\":\"fr-FR\",\"potentialAction\":[{\"@type\":\"ReadAction\",\"target\":[\"https:\/\/confluencedesdroits-larevue.com\/?p=3778\"]}]},{\"@type\":\"BreadcrumbList\",\"@id\":\"https:\/\/confluencedesdroits-larevue.com\/?p=3778#breadcrumb\",\"itemListElement\":[{\"@type\":\"ListItem\",\"position\":1,\"name\":\"Accueil\",\"item\":\"https:\/\/confluencedesdroits-larevue.com\/\"},{\"@type\":\"ListItem\",\"position\":2,\"name\":\"Maud Cintrat \u2013 One Health \/ Une seule sant\u00e9\u00a0: quelle\u00a0dynamique de la protection de la sant\u00e9 animale en\u00a0droit de l\u2019Union europ\u00e9enne\u00a0?\"}]},{\"@type\":\"WebSite\",\"@id\":\"https:\/\/confluencedesdroits-larevue.com\/#website\",\"url\":\"https:\/\/confluencedesdroits-larevue.com\/\",\"name\":\"Confluence des droits_La revue\",\"description\":\"UMR 7318 Droits International, Compar\u00e9 et Europ\u00e9en\",\"publisher\":{\"@id\":\"https:\/\/confluencedesdroits-larevue.com\/#organization\"},\"potentialAction\":[{\"@type\":\"SearchAction\",\"target\":{\"@type\":\"EntryPoint\",\"urlTemplate\":\"https:\/\/confluencedesdroits-larevue.com\/?s={search_term_string}\"},\"query-input\":\"required name=search_term_string\"}],\"inLanguage\":\"fr-FR\"},{\"@type\":\"Organization\",\"@id\":\"https:\/\/confluencedesdroits-larevue.com\/#organization\",\"name\":\"Confluence des droits_La revue\",\"url\":\"https:\/\/confluencedesdroits-larevue.com\/\",\"logo\":{\"@type\":\"ImageObject\",\"inLanguage\":\"fr-FR\",\"@id\":\"https:\/\/confluencedesdroits-larevue.com\/#\/schema\/logo\/image\/\",\"url\":\"https:\/\/confluencedesdroits-larevue.com\/wp-content\/uploads\/2024\/05\/Confluence-des-droits_La-revue.png\",\"contentUrl\":\"https:\/\/confluencedesdroits-larevue.com\/wp-content\/uploads\/2024\/05\/Confluence-des-droits_La-revue.png\",\"width\":3934,\"height\":613,\"caption\":\"Confluence des droits_La revue\"},\"image\":{\"@id\":\"https:\/\/confluencedesdroits-larevue.com\/#\/schema\/logo\/image\/\"}},{\"@type\":\"Person\",\"@id\":\"https:\/\/confluencedesdroits-larevue.com\/#\/schema\/person\/5c2bef570684d183d7f5a81e4107304c\",\"name\":\"DICE \u00c9ditions\",\"image\":{\"@type\":\"ImageObject\",\"inLanguage\":\"fr-FR\",\"@id\":\"https:\/\/confluencedesdroits-larevue.com\/#\/schema\/person\/image\/\",\"url\":\"https:\/\/secure.gravatar.com\/avatar\/c7dfd2401bef8b8be87ab2a215ca0435?s=96&d=mm&r=g\",\"contentUrl\":\"https:\/\/secure.gravatar.com\/avatar\/c7dfd2401bef8b8be87ab2a215ca0435?s=96&d=mm&r=g\",\"caption\":\"DICE \u00c9ditions\"},\"url\":\"https:\/\/confluencedesdroits-larevue.com\/?author=2\"}]}<\/script>\n<!-- \/ Yoast SEO plugin. -->","yoast_head_json":{"title":"Maud Cintrat \u2013 One Health \/ Une seule sant\u00e9\u00a0: quelle\u00a0dynamique de la protection de la sant\u00e9 animale en\u00a0droit de l\u2019Union europ\u00e9enne\u00a0? - Confluence des droits_La revue","robots":{"index":"index","follow":"follow","max-snippet":"max-snippet:-1","max-image-preview":"max-image-preview:large","max-video-preview":"max-video-preview:-1"},"canonical":"https:\/\/confluencedesdroits-larevue.com\/?p=3778","og_locale":"fr_FR","og_type":"article","og_title":"Maud Cintrat \u2013 One Health \/ Une seule sant\u00e9\u00a0: quelle\u00a0dynamique de la protection de la sant\u00e9 animale en\u00a0droit de l\u2019Union europ\u00e9enne\u00a0? - Confluence des droits_La revue","og_description":"Maud Cintrat, Ma\u00eetresse de conf\u00e9rences en droit public, Laboratoire Parcours sant\u00e9 syst\u00e9mique, UR\u00a04129, Membre associ\u00e9e du CERCRID, UMR\u00a05137, Universit\u00e9 de\u00a0Lyon","og_url":"https:\/\/confluencedesdroits-larevue.com\/?p=3778","og_site_name":"Confluence des droits_La revue","article_published_time":"2025-03-06T14:35:30+00:00","article_modified_time":"2025-04-09T13:15:43+00:00","og_image":[{"width":2560,"height":1920,"url":"https:\/\/confluencedesdroits-larevue.com\/wp-content\/uploads\/2025\/02\/dossier-one-health-FF-scaled.jpg","type":"image\/jpeg"}],"author":"DICE \u00c9ditions","twitter_card":"summary_large_image","twitter_misc":{"\u00c9crit par":"DICE \u00c9ditions","Dur\u00e9e de lecture estim\u00e9e":"26 minutes"},"schema":{"@context":"https:\/\/schema.org","@graph":[{"@type":"Article","@id":"https:\/\/confluencedesdroits-larevue.com\/?p=3778#article","isPartOf":{"@id":"https:\/\/confluencedesdroits-larevue.com\/?p=3778"},"author":{"name":"DICE \u00c9ditions","@id":"https:\/\/confluencedesdroits-larevue.com\/#\/schema\/person\/5c2bef570684d183d7f5a81e4107304c"},"headline":"Maud Cintrat \u2013 One Health \/ Une seule sant\u00e9\u00a0: quelle\u00a0dynamique de la protection de la sant\u00e9 animale en\u00a0droit de l\u2019Union europ\u00e9enne\u00a0?","datePublished":"2025-03-06T14:35:30+00:00","dateModified":"2025-04-09T13:15:43+00:00","mainEntityOfPage":{"@id":"https:\/\/confluencedesdroits-larevue.com\/?p=3778"},"wordCount":5860,"publisher":{"@id":"https:\/\/confluencedesdroits-larevue.com\/#organization"},"keywords":["droit de l\u2019Union europ\u00e9enne","m\u00e9dicaments v\u00e9t\u00e9rinaires","pharmacie v\u00e9t\u00e9rinaire","r\u00e9sistance aux antimicrobiens (RAM)","sant\u00e9 animale"],"articleSection":["Actu","Articles","Dossier"],"inLanguage":"fr-FR"},{"@type":"WebPage","@id":"https:\/\/confluencedesdroits-larevue.com\/?p=3778","url":"https:\/\/confluencedesdroits-larevue.com\/?p=3778","name":"Maud Cintrat \u2013 One Health \/ Une seule sant\u00e9\u00a0: quelle\u00a0dynamique de la protection de la sant\u00e9 animale en\u00a0droit de l\u2019Union europ\u00e9enne\u00a0? - Confluence des droits_La revue","isPartOf":{"@id":"https:\/\/confluencedesdroits-larevue.com\/#website"},"datePublished":"2025-03-06T14:35:30+00:00","dateModified":"2025-04-09T13:15:43+00:00","breadcrumb":{"@id":"https:\/\/confluencedesdroits-larevue.com\/?p=3778#breadcrumb"},"inLanguage":"fr-FR","potentialAction":[{"@type":"ReadAction","target":["https:\/\/confluencedesdroits-larevue.com\/?p=3778"]}]},{"@type":"BreadcrumbList","@id":"https:\/\/confluencedesdroits-larevue.com\/?p=3778#breadcrumb","itemListElement":[{"@type":"ListItem","position":1,"name":"Accueil","item":"https:\/\/confluencedesdroits-larevue.com\/"},{"@type":"ListItem","position":2,"name":"Maud Cintrat \u2013 One Health \/ Une seule sant\u00e9\u00a0: quelle\u00a0dynamique de la protection de la sant\u00e9 animale en\u00a0droit de l\u2019Union europ\u00e9enne\u00a0?"}]},{"@type":"WebSite","@id":"https:\/\/confluencedesdroits-larevue.com\/#website","url":"https:\/\/confluencedesdroits-larevue.com\/","name":"Confluence des droits_La revue","description":"UMR 7318 Droits International, Compar\u00e9 et Europ\u00e9en","publisher":{"@id":"https:\/\/confluencedesdroits-larevue.com\/#organization"},"potentialAction":[{"@type":"SearchAction","target":{"@type":"EntryPoint","urlTemplate":"https:\/\/confluencedesdroits-larevue.com\/?s={search_term_string}"},"query-input":"required name=search_term_string"}],"inLanguage":"fr-FR"},{"@type":"Organization","@id":"https:\/\/confluencedesdroits-larevue.com\/#organization","name":"Confluence des droits_La revue","url":"https:\/\/confluencedesdroits-larevue.com\/","logo":{"@type":"ImageObject","inLanguage":"fr-FR","@id":"https:\/\/confluencedesdroits-larevue.com\/#\/schema\/logo\/image\/","url":"https:\/\/confluencedesdroits-larevue.com\/wp-content\/uploads\/2024\/05\/Confluence-des-droits_La-revue.png","contentUrl":"https:\/\/confluencedesdroits-larevue.com\/wp-content\/uploads\/2024\/05\/Confluence-des-droits_La-revue.png","width":3934,"height":613,"caption":"Confluence des droits_La revue"},"image":{"@id":"https:\/\/confluencedesdroits-larevue.com\/#\/schema\/logo\/image\/"}},{"@type":"Person","@id":"https:\/\/confluencedesdroits-larevue.com\/#\/schema\/person\/5c2bef570684d183d7f5a81e4107304c","name":"DICE \u00c9ditions","image":{"@type":"ImageObject","inLanguage":"fr-FR","@id":"https:\/\/confluencedesdroits-larevue.com\/#\/schema\/person\/image\/","url":"https:\/\/secure.gravatar.com\/avatar\/c7dfd2401bef8b8be87ab2a215ca0435?s=96&d=mm&r=g","contentUrl":"https:\/\/secure.gravatar.com\/avatar\/c7dfd2401bef8b8be87ab2a215ca0435?s=96&d=mm&r=g","caption":"DICE \u00c9ditions"},"url":"https:\/\/confluencedesdroits-larevue.com\/?author=2"}]}},"post_mailing_queue_ids":[],"_links":{"self":[{"href":"https:\/\/confluencedesdroits-larevue.com\/index.php?rest_route=\/wp\/v2\/posts\/3778"}],"collection":[{"href":"https:\/\/confluencedesdroits-larevue.com\/index.php?rest_route=\/wp\/v2\/posts"}],"about":[{"href":"https:\/\/confluencedesdroits-larevue.com\/index.php?rest_route=\/wp\/v2\/types\/post"}],"author":[{"embeddable":true,"href":"https:\/\/confluencedesdroits-larevue.com\/index.php?rest_route=\/wp\/v2\/users\/2"}],"replies":[{"embeddable":true,"href":"https:\/\/confluencedesdroits-larevue.com\/index.php?rest_route=%2Fwp%2Fv2%2Fcomments&post=3778"}],"version-history":[{"count":15,"href":"https:\/\/confluencedesdroits-larevue.com\/index.php?rest_route=\/wp\/v2\/posts\/3778\/revisions"}],"predecessor-version":[{"id":4083,"href":"https:\/\/confluencedesdroits-larevue.com\/index.php?rest_route=\/wp\/v2\/posts\/3778\/revisions\/4083"}],"wp:featuredmedia":[{"embeddable":true,"href":"https:\/\/confluencedesdroits-larevue.com\/index.php?rest_route=\/wp\/v2\/media\/3806"}],"wp:attachment":[{"href":"https:\/\/confluencedesdroits-larevue.com\/index.php?rest_route=%2Fwp%2Fv2%2Fmedia&parent=3778"}],"wp:term":[{"taxonomy":"category","embeddable":true,"href":"https:\/\/confluencedesdroits-larevue.com\/index.php?rest_route=%2Fwp%2Fv2%2Fcategories&post=3778"},{"taxonomy":"post_tag","embeddable":true,"href":"https:\/\/confluencedesdroits-larevue.com\/index.php?rest_route=%2Fwp%2Fv2%2Ftags&post=3778"}],"curies":[{"name":"wp","href":"https:\/\/api.w.org\/{rel}","templated":true}]}}