{"id":3714,"date":"2024-12-20T15:58:05","date_gmt":"2024-12-20T14:58:05","guid":{"rendered":"https:\/\/confluencedesdroits-larevue.com\/?p=3714"},"modified":"2025-07-08T17:08:31","modified_gmt":"2025-07-08T15:08:31","slug":"dossier-la-regulation-internationale-de-lia-enjeux-et-perspectives","status":"publish","type":"post","link":"https:\/\/confluencedesdroits-larevue.com\/?p=3714","title":{"rendered":"Dossier La r\u00e9gulation internationale de l\u2019IA\u00a0: enjeux et\u00a0perspectives"},"content":{"rendered":"\n<div style=\"height:5px\" aria-hidden=\"true\" class=\"wp-block-spacer\"><\/div>\n\n\n\n<p class=\"has-text-align-justify has-background\" style=\"background-color:#ededed\">Alors que la volont\u00e9 des pouvoirs publics de r\u00e9guler l\u2019intelligence artificielle (IA) monte en puissance depuis plusieurs ann\u00e9es, les enjeux d\u2019une telle r\u00e9gulation sont particuli\u00e8rement nombreux. Protection appropri\u00e9e des libert\u00e9s face \u00e0 des probl\u00e9matiques techniques et complexes, n\u00e9cessaire pr\u00e9servation de l\u2019innovation et de l\u2019esprit d\u2019entreprise, effectivit\u00e9 et efficacit\u00e9 des r\u00e8gles choisies&nbsp;: autant de d\u00e9fis qu\u2019il semble n\u00e9cessaire de relever et auxquels plusieurs organisations internationales ont d\u00e9cid\u00e9 de s\u2019atteler. Si l\u2019on constate certaines initiatives \u2013 encore restreintes \u2013 au niveau universel<a id=\"_ftnref1\" href=\"#_ftn1\">[1]<\/a>, c\u2019est surtout en Europe que l\u2019effort de r\u00e9gulation s\u2019est d\u00e9velopp\u00e9. \u00c0 c\u00f4t\u00e9 des travaux de l\u2019OCDE<a id=\"_ftnref2\" href=\"#_ftn2\">[2]<\/a>, c\u2019est surtout l\u2019Union europ\u00e9enne et le Conseil de l\u2019Europe qui ont d\u2019abord adopt\u00e9 d\u2019importants textes de droit souple, g\u00e9n\u00e9ralement sectoriels<a id=\"_ftnref3\" href=\"#_ftn3\">[3]<\/a>, avant de s\u2019atteler \u00e0 des normes de droit contraignant plus g\u00e9n\u00e9rales<a id=\"_ftnref4\" href=\"#_ftn4\">[4]<\/a>.<br><br>Face \u00e0 cette multiplication des vell\u00e9it\u00e9s et des projets de r\u00e9gulation de l\u2019IA, la mise en lumi\u00e8re des enjeux \u00e0 prendre en compte et l\u2019\u00e9valuation des forces et des faiblesses respectives des diff\u00e9rents projets envisag\u00e9s ont fait l\u2019objet d\u2019une journ\u00e9e d\u2019\u00e9tudes, organis\u00e9e le 25&nbsp;novembre 2022 \u00e0 la Facult\u00e9 de Droit, \u00c9conomie et Administration de Metz (Universit\u00e9 de Lorraine)<a id=\"_ftnref5\" href=\"#_ftn5\">[5]<\/a>. Celle-ci fut organis\u00e9e en trois tables rondes afin de faire dialoguer des sp\u00e9cialistes<a id=\"_ftnref6\" href=\"#_ftn6\">[6]<\/a> et de r\u00e9fl\u00e9chir collectivement aux enjeux tant proc\u00e9duraux que substantiels associ\u00e9s \u00e0 cette volont\u00e9 croissante de r\u00e9gulation.<br><br>La premi\u00e8re table ronde \u2013 <strong><em>La r\u00e9gulation de l\u2019intelligence artificielle par les diff\u00e9rentes organisations internationales&nbsp;: compl\u00e9mentarit\u00e9 ou concurrence\u2009?<\/em><\/strong> \u2013 est revenue sur l\u2019articulation des diff\u00e9rentes r\u00e9gulations envisag\u00e9es et adopt\u00e9es, leurs valeurs normatives respectives, leurs effets potentiels et les difficult\u00e9s qu\u2019elles peuvent ou ont pu susciter. Partant du constat de la pluralit\u00e9 des textes adopt\u00e9s ou en cours d\u2019adoption, la nature, concurrentielle ou compl\u00e9mentaire, et l\u2019intensit\u00e9 des rapports entre les diff\u00e9rentes organisations internationales a \u00e9t\u00e9 au c\u0153ur des d\u00e9bats. La deuxi\u00e8me \u2013&nbsp;<strong><em>Vers l\u2019\u00e9mergence de nouveaux droits fondamentaux\u2009? <\/em><\/strong>\u2013 a permis de r\u00e9fl\u00e9chir sp\u00e9cifiquement \u00e0 la question des droits et libert\u00e9s, de leur extension, de leur renouvellement, voire de leur potentielle remise en cause dans le contexte du d\u00e9veloppement de l\u2019intelligence artificielle, lequel a fait appara\u00eetre de nouveaux comportements qui n\u2019\u00e9taient pas envisageables avec les moyens techniques existant auparavant. La troisi\u00e8me \u2013&nbsp;<strong><em>Consolider l\u2019\u00e9tat de droit d\u00e9mocratique<\/em><\/strong> \u2013 a conduit \u00e0 mettre en lumi\u00e8re les menaces que l\u2019intelligence artificielle fait peser sur ses principes, en raison notamment des risques accrus de manipulation \u00e9lectorale, de surveillance de la soci\u00e9t\u00e9 ou encore de d\u00e9shumanisation de la justice, et d\u2019\u00e9valuer les mesures envisag\u00e9es pour y r\u00e9pondre.<br><br>Les d\u00e9bats furent particuli\u00e8rement denses et d\u2019une grande richesse et les organisateurs en profitent pour exprimer encore une fois toute leur gratitude envers les intervenants. Il leur a \u00e9t\u00e9 propos\u00e9 de prolonger la r\u00e9flexion par des contributions \u00e9crites qui composent le pr\u00e9sent dossier. Nous les en remercions vivement, tout autant que ceux qui n\u2019ont pas pu, pour des raisons diverses, y participer.<\/p>\n\n\n\n<p class=\"has-text-color\" style=\"color:#0071a1;font-size:25px\"><strong>Sommaire<\/strong><\/p>\n\n\n\n<figure class=\"wp-block-embed is-type-wp-embed is-provider-confluence-des-droits-la-revue wp-block-embed-confluence-des-droits-la-revue\"><div class=\"wp-block-embed__wrapper\">\n<blockquote class=\"wp-embedded-content\" data-secret=\"svUe2IDRj7\"><a href=\"https:\/\/confluencedesdroits-larevue.com\/?p=3678\">Nathan Cambien, David Newton \u2013 La r\u00e9gulation de l\u2019intelligence artificielle\u00a0: approches internationales et britannique<\/a><\/blockquote><iframe class=\"wp-embedded-content\" sandbox=\"allow-scripts\" security=\"restricted\" style=\"position: absolute; clip: rect(1px, 1px, 1px, 1px);\" title=\"\u00ab\u00a0Nathan Cambien, David Newton \u2013 La r\u00e9gulation de l\u2019intelligence artificielle\u00a0: approches internationales et britannique\u00a0\u00bb &#8212; Confluence des droits_La revue\" src=\"https:\/\/confluencedesdroits-larevue.com\/?p=3678&#038;embed=true#?secret=OueF9EMw5Z#?secret=svUe2IDRj7\" data-secret=\"svUe2IDRj7\" width=\"600\" height=\"338\" frameborder=\"0\" marginwidth=\"0\" marginheight=\"0\" scrolling=\"no\"><\/iframe>\n<\/div><\/figure>\n\n\n\n<figure class=\"wp-block-embed is-type-wp-embed is-provider-confluence-des-droits-la-revue wp-block-embed-confluence-des-droits-la-revue\"><div class=\"wp-block-embed__wrapper\">\n<blockquote class=\"wp-embedded-content\" data-secret=\"ekfkjGH2Xc\"><a href=\"https:\/\/confluencedesdroits-larevue.com\/?p=3677\">Alexandre Stepanov \u2013 Vers l\u2019\u00e9mergence de nouveaux droits fondamentaux contre\u00a0l\u2019administration algorithmique<\/a><\/blockquote><iframe class=\"wp-embedded-content\" sandbox=\"allow-scripts\" security=\"restricted\" style=\"position: absolute; clip: rect(1px, 1px, 1px, 1px);\" title=\"\u00ab\u00a0Alexandre Stepanov \u2013 Vers l\u2019\u00e9mergence de nouveaux droits fondamentaux contre\u00a0l\u2019administration algorithmique\u00a0\u00bb &#8212; Confluence des droits_La revue\" src=\"https:\/\/confluencedesdroits-larevue.com\/?p=3677&#038;embed=true#?secret=J4q8KGzPCK#?secret=ekfkjGH2Xc\" data-secret=\"ekfkjGH2Xc\" width=\"600\" height=\"338\" frameborder=\"0\" marginwidth=\"0\" marginheight=\"0\" scrolling=\"no\"><\/iframe>\n<\/div><\/figure>\n\n\n\n<figure class=\"wp-block-embed is-type-wp-embed is-provider-confluence-des-droits-la-revue wp-block-embed-confluence-des-droits-la-revue\"><div class=\"wp-block-embed__wrapper\">\n<blockquote class=\"wp-embedded-content\" data-secret=\"lKcwFNsW8x\"><a href=\"https:\/\/confluencedesdroits-larevue.com\/?p=3724\">Kelly Xintara \u2013 Le droit de contester une d\u00e9cision \u00e9mise par\u00a0un syst\u00e8me d\u2019intelligence artificielle (IA). Port\u00e9e\u00a0et\u00a0perspectives<\/a><\/blockquote><iframe class=\"wp-embedded-content\" sandbox=\"allow-scripts\" security=\"restricted\" style=\"position: absolute; clip: rect(1px, 1px, 1px, 1px);\" title=\"\u00ab\u00a0Kelly Xintara \u2013 Le droit de contester une d\u00e9cision \u00e9mise par\u00a0un syst\u00e8me d\u2019intelligence artificielle (IA). Port\u00e9e\u00a0et\u00a0perspectives\u00a0\u00bb &#8212; Confluence des droits_La revue\" src=\"https:\/\/confluencedesdroits-larevue.com\/?p=3724&#038;embed=true#?secret=eWzYqWg66g#?secret=lKcwFNsW8x\" data-secret=\"lKcwFNsW8x\" width=\"600\" height=\"338\" frameborder=\"0\" marginwidth=\"0\" marginheight=\"0\" scrolling=\"no\"><\/iframe>\n<\/div><\/figure>\n\n\n\n<hr class=\"wp-block-separator has-alpha-channel-opacity\"\/>\n\n\n\n<p class=\"has-text-align-justify\"><a href=\"#_ftnref1\" id=\"_ftn1\">[1]<\/a> L\u2019UNESCO a adopt\u00e9 une <em>Recommandation sur l\u2019\u00e9thique de l\u2019IA<\/em> en novembre 2021 (SHS\/BIO\/REC-AIETHICS\/2021), premier texte de <em>soft law<\/em> \u00e0 port\u00e9e g\u00e9n\u00e9rale. On rel\u00e8vera aussi l\u2019adoption par l\u2019ISO, en d\u00e9cembre 2023, d\u2019une norme intitul\u00e9e <em>Technologies de l&rsquo;information \u2014 Intelligence artificielle \u2014 Syst\u00e8me de management<\/em> (ISO\/IEC 42001:2023).<\/p>\n\n\n\n<p><a href=\"#_ftnref2\" id=\"_ftn2\">[2]<\/a> V. la <em>Recommandation du Conseil sur l\u2019IA<\/em> de mai 2019 (OECD\/LEGAL\/0449)<\/p>\n\n\n\n<p class=\"has-text-align-justify\"><a href=\"#_ftnref3\" id=\"_ftn3\">[3]<\/a> V. par ex. la <em>Charte \u00e9thique europ\u00e9enne d\u2019utilisation de l\u2019IA dans les syst\u00e8mes judiciaires<\/em>, adopt\u00e9e en d\u00e9cembre 2018 par la Commission europ\u00e9enne pour l\u2019efficacit\u00e9 de la justice du Conseil de l\u2019Europe.<\/p>\n\n\n\n<p><a href=\"#_ftnref4\" id=\"_ftn4\">[4]<\/a> En 2024, l\u2019Union europ\u00e9enne a adopt\u00e9 un <em>r\u00e8glement sur l\u2019IA<\/em> et le Conseil de l\u2019Europe une <em>Convention-cadre sur l\u2019IA<\/em>.<\/p>\n\n\n\n<p class=\"has-text-align-justify\"><a href=\"#_ftnref5\" id=\"_ftn5\">[5]<\/a> La journ\u00e9e d\u2019\u00e9tudes fut coorganis\u00e9e par l\u2019Institut de Recherches sur l\u2019\u00c9volution de la Nation Et de l\u2019\u00c9tat (IRENEE) de l\u2019Universit\u00e9 de Lorraine et l\u2019Institut Louis Favoreu \u2013 GERJC (UMR 7318) d\u2019Aix-Marseille Universit\u00e9.<\/p>\n\n\n\n<p class=\"has-text-align-justify\"><a href=\"#_ftnref6\" id=\"_ftn6\">[6]<\/a> Bilel BENBOUZID, Ma\u00eetre de conf\u00e9rences en sociologie, Universit\u00e9 Paris-Est, Marne la Vall\u00e9e \/ IFRIS, C\u00e9line CAIRA, Membre de l\u2019Unit\u00e9 IA de la Division des politiques de l\u2019\u00e9conomie num\u00e9rique de l\u2019OCDE&nbsp;; Nathan CAMBIEN, R\u00e9f\u00e9rendaire aupr\u00e8s de la CJUE ; Jean-Marc DELTORN, Chercheur \u00e0 l\u2019Universit\u00e9 de Strasbourg \/ CEIPI&nbsp;; Florence G\u2019SELL, Professeur en droit priv\u00e9, Universit\u00e9 de Lorraine \/ IFG, Cotitulaire de la Chaire<em> Digital, Governance and Sovereignty<\/em>, \u00c9cole d\u2019affaires publiques de SciencesPo Paris ; Diane GALBOIS-LEHALLE, Ma\u00eetre de conf\u00e9rences en droit priv\u00e9, Directrice du Master <em>Droit de l\u2019intelligence artificielle<\/em>, Institut Catholique de Paris&nbsp;; Yannick MENECEUR, Magistrat&nbsp;; David NEWTON, R\u00e9f\u00e9rendaire aupr\u00e8s de la CJUE&nbsp;; Matthieu QUINIOU, Avocat, expert \u00e0 la CEPEJ, Conseil de l\u2019Europe&nbsp;; Aleksandr STEPANOV, ATER en droit public, Universit\u00e9 de Lorraine \/ IRENEE&nbsp;; Kelly XINTARA, Avocate, conseill\u00e8re aupr\u00e8s de la Chambre de commerce de Luxembourg.<\/p>\n\n\n\n<hr class=\"wp-block-separator has-alpha-channel-opacity\"\/>\n","protected":false},"excerpt":{"rendered":"<p>coordonn\u00e9 par Audrey Bachert-Peretti, Ma\u00eetre de conf\u00e9rences, Aix Marseille Univ, CNRS, DICE, ILF, Aix-en-Provence, France<br \/>\net Rapha\u00ebl Dechaux, Ma\u00eetre de conf\u00e9rences HDR \u00e0 l\u2019Universit\u00e9 de Lorraine<\/p>\n","protected":false},"author":2,"featured_media":3737,"comment_status":"closed","ping_status":"open","sticky":false,"template":"","format":"standard","meta":{"_editorskit_title_hidden":false,"_editorskit_reading_time":0,"_editorskit_is_block_options_detached":false,"_editorskit_block_options_position":"{}","footnotes":""},"categories":[5,13],"tags":[],"yoast_head":"<!-- This site is optimized with the Yoast SEO plugin v21.0 - https:\/\/yoast.com\/wordpress\/plugins\/seo\/ -->\n<title>Dossier La r\u00e9gulation internationale de l\u2019IA\u00a0: enjeux et\u00a0perspectives - Confluence des droits_La revue<\/title>\n<meta name=\"robots\" content=\"index, follow, max-snippet:-1, max-image-preview:large, max-video-preview:-1\" \/>\n<link rel=\"canonical\" href=\"https:\/\/confluencedesdroits-larevue.com\/?p=3714\" \/>\n<meta property=\"og:locale\" content=\"fr_FR\" \/>\n<meta property=\"og:type\" content=\"article\" \/>\n<meta property=\"og:title\" content=\"Dossier La r\u00e9gulation internationale de l\u2019IA\u00a0: enjeux et\u00a0perspectives - Confluence des droits_La revue\" \/>\n<meta property=\"og:description\" content=\"coordonn\u00e9 par Audrey Bachert-Peretti, Ma\u00eetre de conf\u00e9rences, Aix Marseille Univ, CNRS, DICE, ILF, Aix-en-Provence, France et Rapha\u00ebl Dechaux, Ma\u00eetre de conf\u00e9rences HDR \u00e0 l\u2019Universit\u00e9 de Lorraine\" \/>\n<meta property=\"og:url\" content=\"https:\/\/confluencedesdroits-larevue.com\/?p=3714\" \/>\n<meta property=\"og:site_name\" content=\"Confluence des droits_La revue\" \/>\n<meta property=\"article:published_time\" content=\"2024-12-20T14:58:05+00:00\" \/>\n<meta property=\"article:modified_time\" content=\"2025-07-08T15:08:31+00:00\" \/>\n<meta property=\"og:image\" content=\"https:\/\/confluencedesdroits-larevue.com\/wp-content\/uploads\/2024\/12\/IA-0.jpg\" \/>\n\t<meta property=\"og:image:width\" content=\"1080\" \/>\n\t<meta property=\"og:image:height\" content=\"791\" \/>\n\t<meta property=\"og:image:type\" content=\"image\/jpeg\" \/>\n<meta name=\"author\" content=\"DICE \u00c9ditions\" \/>\n<meta name=\"twitter:card\" content=\"summary_large_image\" \/>\n<meta name=\"twitter:label1\" content=\"\u00c9crit par\" \/>\n\t<meta name=\"twitter:data1\" content=\"DICE \u00c9ditions\" \/>\n\t<meta name=\"twitter:label2\" content=\"Dur\u00e9e de lecture estim\u00e9e\" \/>\n\t<meta name=\"twitter:data2\" content=\"4 minutes\" \/>\n<script type=\"application\/ld+json\" class=\"yoast-schema-graph\">{\"@context\":\"https:\/\/schema.org\",\"@graph\":[{\"@type\":\"Article\",\"@id\":\"https:\/\/confluencedesdroits-larevue.com\/?p=3714#article\",\"isPartOf\":{\"@id\":\"https:\/\/confluencedesdroits-larevue.com\/?p=3714\"},\"author\":{\"name\":\"DICE \u00c9ditions\",\"@id\":\"https:\/\/confluencedesdroits-larevue.com\/#\/schema\/person\/5c2bef570684d183d7f5a81e4107304c\"},\"headline\":\"Dossier La r\u00e9gulation internationale de l\u2019IA\u00a0: enjeux et\u00a0perspectives\",\"datePublished\":\"2024-12-20T14:58:05+00:00\",\"dateModified\":\"2025-07-08T15:08:31+00:00\",\"mainEntityOfPage\":{\"@id\":\"https:\/\/confluencedesdroits-larevue.com\/?p=3714\"},\"wordCount\":910,\"publisher\":{\"@id\":\"https:\/\/confluencedesdroits-larevue.com\/#organization\"},\"articleSection\":[\"Actu\",\"Dossier\"],\"inLanguage\":\"fr-FR\"},{\"@type\":\"WebPage\",\"@id\":\"https:\/\/confluencedesdroits-larevue.com\/?p=3714\",\"url\":\"https:\/\/confluencedesdroits-larevue.com\/?p=3714\",\"name\":\"Dossier La r\u00e9gulation internationale de l\u2019IA\u00a0: enjeux et\u00a0perspectives - Confluence des droits_La revue\",\"isPartOf\":{\"@id\":\"https:\/\/confluencedesdroits-larevue.com\/#website\"},\"datePublished\":\"2024-12-20T14:58:05+00:00\",\"dateModified\":\"2025-07-08T15:08:31+00:00\",\"breadcrumb\":{\"@id\":\"https:\/\/confluencedesdroits-larevue.com\/?p=3714#breadcrumb\"},\"inLanguage\":\"fr-FR\",\"potentialAction\":[{\"@type\":\"ReadAction\",\"target\":[\"https:\/\/confluencedesdroits-larevue.com\/?p=3714\"]}]},{\"@type\":\"BreadcrumbList\",\"@id\":\"https:\/\/confluencedesdroits-larevue.com\/?p=3714#breadcrumb\",\"itemListElement\":[{\"@type\":\"ListItem\",\"position\":1,\"name\":\"Accueil\",\"item\":\"https:\/\/confluencedesdroits-larevue.com\/\"},{\"@type\":\"ListItem\",\"position\":2,\"name\":\"Dossier La r\u00e9gulation internationale de l\u2019IA\u00a0: enjeux et\u00a0perspectives\"}]},{\"@type\":\"WebSite\",\"@id\":\"https:\/\/confluencedesdroits-larevue.com\/#website\",\"url\":\"https:\/\/confluencedesdroits-larevue.com\/\",\"name\":\"Confluence des droits_La revue\",\"description\":\"UMR 7318 Droits International, Compar\u00e9 et Europ\u00e9en\",\"publisher\":{\"@id\":\"https:\/\/confluencedesdroits-larevue.com\/#organization\"},\"potentialAction\":[{\"@type\":\"SearchAction\",\"target\":{\"@type\":\"EntryPoint\",\"urlTemplate\":\"https:\/\/confluencedesdroits-larevue.com\/?s={search_term_string}\"},\"query-input\":\"required name=search_term_string\"}],\"inLanguage\":\"fr-FR\"},{\"@type\":\"Organization\",\"@id\":\"https:\/\/confluencedesdroits-larevue.com\/#organization\",\"name\":\"Confluence des droits_La revue\",\"url\":\"https:\/\/confluencedesdroits-larevue.com\/\",\"logo\":{\"@type\":\"ImageObject\",\"inLanguage\":\"fr-FR\",\"@id\":\"https:\/\/confluencedesdroits-larevue.com\/#\/schema\/logo\/image\/\",\"url\":\"https:\/\/confluencedesdroits-larevue.com\/wp-content\/uploads\/2024\/05\/Confluence-des-droits_La-revue.png\",\"contentUrl\":\"https:\/\/confluencedesdroits-larevue.com\/wp-content\/uploads\/2024\/05\/Confluence-des-droits_La-revue.png\",\"width\":3934,\"height\":613,\"caption\":\"Confluence des droits_La revue\"},\"image\":{\"@id\":\"https:\/\/confluencedesdroits-larevue.com\/#\/schema\/logo\/image\/\"}},{\"@type\":\"Person\",\"@id\":\"https:\/\/confluencedesdroits-larevue.com\/#\/schema\/person\/5c2bef570684d183d7f5a81e4107304c\",\"name\":\"DICE \u00c9ditions\",\"image\":{\"@type\":\"ImageObject\",\"inLanguage\":\"fr-FR\",\"@id\":\"https:\/\/confluencedesdroits-larevue.com\/#\/schema\/person\/image\/\",\"url\":\"https:\/\/secure.gravatar.com\/avatar\/c7dfd2401bef8b8be87ab2a215ca0435?s=96&d=mm&r=g\",\"contentUrl\":\"https:\/\/secure.gravatar.com\/avatar\/c7dfd2401bef8b8be87ab2a215ca0435?s=96&d=mm&r=g\",\"caption\":\"DICE \u00c9ditions\"},\"url\":\"https:\/\/confluencedesdroits-larevue.com\/?author=2\"}]}<\/script>\n<!-- \/ Yoast SEO plugin. -->","yoast_head_json":{"title":"Dossier La r\u00e9gulation internationale de l\u2019IA\u00a0: enjeux et\u00a0perspectives - Confluence des droits_La revue","robots":{"index":"index","follow":"follow","max-snippet":"max-snippet:-1","max-image-preview":"max-image-preview:large","max-video-preview":"max-video-preview:-1"},"canonical":"https:\/\/confluencedesdroits-larevue.com\/?p=3714","og_locale":"fr_FR","og_type":"article","og_title":"Dossier La r\u00e9gulation internationale de l\u2019IA\u00a0: enjeux et\u00a0perspectives - Confluence des droits_La revue","og_description":"coordonn\u00e9 par Audrey Bachert-Peretti, Ma\u00eetre de conf\u00e9rences, Aix Marseille Univ, CNRS, DICE, ILF, Aix-en-Provence, France et Rapha\u00ebl Dechaux, Ma\u00eetre de conf\u00e9rences HDR \u00e0 l\u2019Universit\u00e9 de Lorraine","og_url":"https:\/\/confluencedesdroits-larevue.com\/?p=3714","og_site_name":"Confluence des droits_La revue","article_published_time":"2024-12-20T14:58:05+00:00","article_modified_time":"2025-07-08T15:08:31+00:00","og_image":[{"width":1080,"height":791,"url":"https:\/\/confluencedesdroits-larevue.com\/wp-content\/uploads\/2024\/12\/IA-0.jpg","type":"image\/jpeg"}],"author":"DICE \u00c9ditions","twitter_card":"summary_large_image","twitter_misc":{"\u00c9crit par":"DICE \u00c9ditions","Dur\u00e9e de lecture estim\u00e9e":"4 minutes"},"schema":{"@context":"https:\/\/schema.org","@graph":[{"@type":"Article","@id":"https:\/\/confluencedesdroits-larevue.com\/?p=3714#article","isPartOf":{"@id":"https:\/\/confluencedesdroits-larevue.com\/?p=3714"},"author":{"name":"DICE \u00c9ditions","@id":"https:\/\/confluencedesdroits-larevue.com\/#\/schema\/person\/5c2bef570684d183d7f5a81e4107304c"},"headline":"Dossier La r\u00e9gulation internationale de l\u2019IA\u00a0: enjeux et\u00a0perspectives","datePublished":"2024-12-20T14:58:05+00:00","dateModified":"2025-07-08T15:08:31+00:00","mainEntityOfPage":{"@id":"https:\/\/confluencedesdroits-larevue.com\/?p=3714"},"wordCount":910,"publisher":{"@id":"https:\/\/confluencedesdroits-larevue.com\/#organization"},"articleSection":["Actu","Dossier"],"inLanguage":"fr-FR"},{"@type":"WebPage","@id":"https:\/\/confluencedesdroits-larevue.com\/?p=3714","url":"https:\/\/confluencedesdroits-larevue.com\/?p=3714","name":"Dossier La r\u00e9gulation internationale de l\u2019IA\u00a0: enjeux et\u00a0perspectives - Confluence des droits_La revue","isPartOf":{"@id":"https:\/\/confluencedesdroits-larevue.com\/#website"},"datePublished":"2024-12-20T14:58:05+00:00","dateModified":"2025-07-08T15:08:31+00:00","breadcrumb":{"@id":"https:\/\/confluencedesdroits-larevue.com\/?p=3714#breadcrumb"},"inLanguage":"fr-FR","potentialAction":[{"@type":"ReadAction","target":["https:\/\/confluencedesdroits-larevue.com\/?p=3714"]}]},{"@type":"BreadcrumbList","@id":"https:\/\/confluencedesdroits-larevue.com\/?p=3714#breadcrumb","itemListElement":[{"@type":"ListItem","position":1,"name":"Accueil","item":"https:\/\/confluencedesdroits-larevue.com\/"},{"@type":"ListItem","position":2,"name":"Dossier La r\u00e9gulation internationale de l\u2019IA\u00a0: enjeux et\u00a0perspectives"}]},{"@type":"WebSite","@id":"https:\/\/confluencedesdroits-larevue.com\/#website","url":"https:\/\/confluencedesdroits-larevue.com\/","name":"Confluence des droits_La revue","description":"UMR 7318 Droits International, Compar\u00e9 et Europ\u00e9en","publisher":{"@id":"https:\/\/confluencedesdroits-larevue.com\/#organization"},"potentialAction":[{"@type":"SearchAction","target":{"@type":"EntryPoint","urlTemplate":"https:\/\/confluencedesdroits-larevue.com\/?s={search_term_string}"},"query-input":"required name=search_term_string"}],"inLanguage":"fr-FR"},{"@type":"Organization","@id":"https:\/\/confluencedesdroits-larevue.com\/#organization","name":"Confluence des droits_La revue","url":"https:\/\/confluencedesdroits-larevue.com\/","logo":{"@type":"ImageObject","inLanguage":"fr-FR","@id":"https:\/\/confluencedesdroits-larevue.com\/#\/schema\/logo\/image\/","url":"https:\/\/confluencedesdroits-larevue.com\/wp-content\/uploads\/2024\/05\/Confluence-des-droits_La-revue.png","contentUrl":"https:\/\/confluencedesdroits-larevue.com\/wp-content\/uploads\/2024\/05\/Confluence-des-droits_La-revue.png","width":3934,"height":613,"caption":"Confluence des droits_La revue"},"image":{"@id":"https:\/\/confluencedesdroits-larevue.com\/#\/schema\/logo\/image\/"}},{"@type":"Person","@id":"https:\/\/confluencedesdroits-larevue.com\/#\/schema\/person\/5c2bef570684d183d7f5a81e4107304c","name":"DICE \u00c9ditions","image":{"@type":"ImageObject","inLanguage":"fr-FR","@id":"https:\/\/confluencedesdroits-larevue.com\/#\/schema\/person\/image\/","url":"https:\/\/secure.gravatar.com\/avatar\/c7dfd2401bef8b8be87ab2a215ca0435?s=96&d=mm&r=g","contentUrl":"https:\/\/secure.gravatar.com\/avatar\/c7dfd2401bef8b8be87ab2a215ca0435?s=96&d=mm&r=g","caption":"DICE \u00c9ditions"},"url":"https:\/\/confluencedesdroits-larevue.com\/?author=2"}]}},"post_mailing_queue_ids":[],"_links":{"self":[{"href":"https:\/\/confluencedesdroits-larevue.com\/index.php?rest_route=\/wp\/v2\/posts\/3714"}],"collection":[{"href":"https:\/\/confluencedesdroits-larevue.com\/index.php?rest_route=\/wp\/v2\/posts"}],"about":[{"href":"https:\/\/confluencedesdroits-larevue.com\/index.php?rest_route=\/wp\/v2\/types\/post"}],"author":[{"embeddable":true,"href":"https:\/\/confluencedesdroits-larevue.com\/index.php?rest_route=\/wp\/v2\/users\/2"}],"replies":[{"embeddable":true,"href":"https:\/\/confluencedesdroits-larevue.com\/index.php?rest_route=%2Fwp%2Fv2%2Fcomments&post=3714"}],"version-history":[{"count":10,"href":"https:\/\/confluencedesdroits-larevue.com\/index.php?rest_route=\/wp\/v2\/posts\/3714\/revisions"}],"predecessor-version":[{"id":4073,"href":"https:\/\/confluencedesdroits-larevue.com\/index.php?rest_route=\/wp\/v2\/posts\/3714\/revisions\/4073"}],"wp:featuredmedia":[{"embeddable":true,"href":"https:\/\/confluencedesdroits-larevue.com\/index.php?rest_route=\/wp\/v2\/media\/3737"}],"wp:attachment":[{"href":"https:\/\/confluencedesdroits-larevue.com\/index.php?rest_route=%2Fwp%2Fv2%2Fmedia&parent=3714"}],"wp:term":[{"taxonomy":"category","embeddable":true,"href":"https:\/\/confluencedesdroits-larevue.com\/index.php?rest_route=%2Fwp%2Fv2%2Fcategories&post=3714"},{"taxonomy":"post_tag","embeddable":true,"href":"https:\/\/confluencedesdroits-larevue.com\/index.php?rest_route=%2Fwp%2Fv2%2Ftags&post=3714"}],"curies":[{"name":"wp","href":"https:\/\/api.w.org\/{rel}","templated":true}]}}