{"id":2521,"date":"2024-01-15T18:57:26","date_gmt":"2024-01-15T17:57:26","guid":{"rendered":"https:\/\/confluencedesdroits-larevue.com\/?p=2521"},"modified":"2025-04-09T16:26:47","modified_gmt":"2025-04-09T14:26:47","slug":"anne-sophie-tabau-sayouba-kabore-la-protection-de-lenvironnement-en-rapport-avec-les-conflits-armes-a-laune-du-projet-de-principes-de-la-commission-du","status":"publish","type":"post","link":"https:\/\/confluencedesdroits-larevue.com\/?p=2521","title":{"rendered":"Anne-Sophie Tabau, Sayouba Kabor\u00e9 \u2013 La protection de\u00a0l\u2019environnement en rapport avec les conflits arm\u00e9s \u00e0 l\u2019aune du\u00a0projet de\u00a0principes de la Commission du\u00a0droit international"},"content":{"rendered":"\n<div class=\"wp-block-group alignwide is-layout-constrained wp-block-group-is-layout-constrained\"><div class=\"wp-block-group__inner-container\">\n<div class=\"wp-block-media-text alignwide has-background\" style=\"background-color:#008cb4;grid-template-columns:16% auto\"><figure class=\"wp-block-media-text__media\"><img decoding=\"async\" loading=\"lazy\" width=\"1024\" height=\"768\" src=\"https:\/\/confluencedesdroits-larevue.com\/wp-content\/uploads\/2023\/12\/WAAAR-VIGNETTE3-1024x768.png\" alt=\"\" class=\"wp-image-2766 size-full\" srcset=\"https:\/\/confluencedesdroits-larevue.com\/wp-content\/uploads\/2023\/12\/WAAAR-VIGNETTE3-1024x768.png 1024w, https:\/\/confluencedesdroits-larevue.com\/wp-content\/uploads\/2023\/12\/WAAAR-VIGNETTE3-300x225.png 300w, https:\/\/confluencedesdroits-larevue.com\/wp-content\/uploads\/2023\/12\/WAAAR-VIGNETTE3-150x113.png 150w, https:\/\/confluencedesdroits-larevue.com\/wp-content\/uploads\/2023\/12\/WAAAR-VIGNETTE3-768x576.png 768w, https:\/\/confluencedesdroits-larevue.com\/wp-content\/uploads\/2023\/12\/WAAAR-VIGNETTE3-1536x1152.png 1536w, https:\/\/confluencedesdroits-larevue.com\/wp-content\/uploads\/2023\/12\/WAAAR-VIGNETTE3-2048x1536.png 2048w, https:\/\/confluencedesdroits-larevue.com\/wp-content\/uploads\/2023\/12\/WAAAR-VIGNETTE3-600x450.png 600w\" sizes=\"(max-width: 1024px) 100vw, 1024px\" \/><\/figure><div class=\"wp-block-media-text__content\">\n<p class=\"has-text-align-center has-white-color has-text-color\" style=\"font-size:16px\">Anne-Sophie Tabau<br><em>Professeur, Univ Pau &amp; Pays Adour, Aix&nbsp;Marseille Univ, Universit\u00e9 de Toulon, CNRS, DICE, IE2IA, Pau, France<\/em><br>Sayouba Kabor\u00e9<br><em>Dipl\u00f4m\u00e9 du master 2&nbsp;droit de l\u2019environnement, Aix-Marseille Universit\u00e9<sup><a href=\"https:\/\/confluencedesdroits-larevue.com\/wp-admin\/post.php?post=2521&amp;action=edit#sdfootnote1sym\"><sup>1<\/sup><\/a><\/sup><\/em><\/p>\n<\/div><\/div>\n\n\n\n<div style=\"height:10px\" aria-hidden=\"true\" class=\"wp-block-spacer\"><\/div>\n\n\n\n<p class=\"has-text-align-justify has-background\" style=\"background-color:#ededed\"><strong>R\u00e9sum\u00e9&nbsp;:<\/strong> Le projet de la Commission du droit international sur la protection de l\u2019environnement en rapport avec les conflits arm\u00e9s a \u00e9t\u00e9 d\u00e9finitivement adopt\u00e9 en 2022, alors que la guerre en Ukraine rappelait l\u2019importance du sujet pour les territoires directement touch\u00e9s par les hostilit\u00e9s, comme au-del\u00e0. Certains des 27&nbsp;principes \u00e9nonc\u00e9s r\u00e9affirment des dispositions conventionnelles ou codifient des r\u00e8gles coutumi\u00e8res, tandis que d\u2019autres sont innovants et favorisent le d\u00e9veloppement progressif du droit international. Le caract\u00e8re global de l\u2019approche retenue dans ce texte permet de mesurer l\u2019\u00e9tendue du droit applicable \u00e0 cette probl\u00e9matique complexe et la vari\u00e9t\u00e9 des acteurs impliqu\u00e9s. Il n\u2019en demeure pas moins que la mise en \u0153uvre effective de ces principes reste un d\u00e9fi sur le plan pratique et politique.<\/p>\n\n\n\n<div style=\"height:10px\" aria-hidden=\"true\" class=\"wp-block-spacer\"><\/div>\n\n\n\n<div class=\"wp-block-file\"><a id=\"wp-block-file--media-8337d117-46e1-429b-b60b-c3a108d7347f\" href=\"https:\/\/confluencedesdroits-larevue.com\/wp-content\/uploads\/2024\/01\/Droit-environnement-et-guerre_A.-S.-Tabau_S.-Kabore-12-23.pdf\">Droit-environnement-et-guerre_A.-S.-Tabau_S.-Kabore\u0301-12-23<\/a><a href=\"https:\/\/confluencedesdroits-larevue.com\/wp-content\/uploads\/2024\/01\/Droit-environnement-et-guerre_A.-S.-Tabau_S.-Kabore-12-23.pdf\" class=\"wp-block-file__button wp-element-button\" download aria-describedby=\"wp-block-file--media-8337d117-46e1-429b-b60b-c3a108d7347f\"><\/a><\/div>\n\n\n\n<div style=\"height:16px\" aria-hidden=\"true\" class=\"wp-block-spacer\"><\/div>\n<\/div><\/div>\n\n\n<div class=\"taxonomy-post_tag wp-block-post-terms\"><a href=\"https:\/\/confluencedesdroits-larevue.com\/?tag=conflits-armes\" rel=\"tag\">conflits arm\u00e9s<\/a><span class=\"wp-block-post-terms__separator\">, <\/span><a href=\"https:\/\/confluencedesdroits-larevue.com\/?tag=environnement\" rel=\"tag\">environnement<\/a><span class=\"wp-block-post-terms__separator\">, <\/span><a href=\"https:\/\/confluencedesdroits-larevue.com\/?tag=prevention\" rel=\"tag\">pr\u00e9vention<\/a><span class=\"wp-block-post-terms__separator\">, <\/span><a href=\"https:\/\/confluencedesdroits-larevue.com\/?tag=protection\" rel=\"tag\">protection<\/a><span class=\"wp-block-post-terms__separator\">, <\/span><a href=\"https:\/\/confluencedesdroits-larevue.com\/?tag=reparation\" rel=\"tag\">r\u00e9paration<\/a><\/div>\n\n\n<div style=\"height:30px\" aria-hidden=\"true\" class=\"wp-block-spacer\"><\/div>\n\n\n\n<div style=\"height:16px\" aria-hidden=\"true\" class=\"wp-block-spacer\"><\/div>\n\n\n\n<blockquote class=\"wp-block-quote is-style-default\">\n<p><br>Si nous voulons atteindre les objectifs de d\u00e9veloppement durable, nous devons prendre d\u2019urgence des mesures audacieuses afin de r\u00e9duire les risques que la d\u00e9gradation de l\u2019environnement et les changements climatiques pr\u00e9sentent pour les conflits et nous engager \u00e0 prot\u00e9ger notre plan\u00e8te des effets d\u00e9bilitants de la guerre. Trop souvent, l\u2019environnement fait partie des victimes de la guerre, par des actes d\u00e9lib\u00e9r\u00e9s de destruction ou dommages collat\u00e9raux, ou parce que, pendant les conflits, les gouvernements ne contr\u00f4lent pas et ne g\u00e8rent pas les ressources naturelles<sup><a href=\"https:\/\/confluencedesdroits-larevue.com\/wp-admin\/post.php?post=2521&amp;action=edit#sdfootnote2sym\"><sup>2<\/sup><\/a><\/sup>.<\/p>\n<\/blockquote>\n\n\n\n<p class=\"has-text-align-justify has-background\" style=\"background-color:#edf7fb\">D\u00e9j\u00e0, la guerre du Vietnam avait suscit\u00e9 l\u2019indignation face aux graves atteintes environnementales. Selon le Programme des Nations Unies pour l\u2019Environnement (PNUE), ce conflit \u00ab&nbsp;a boulevers\u00e9 profond\u00e9ment tout l\u2019\u00e9cosyst\u00e8me de la r\u00e9gion et provoqu\u00e9 des blessures difficilement cicatrisables&nbsp;\u00bb<sup><a id=\"sdfootnote3anc\" href=\"#sdfootnote3sym\"><sup>3<\/sup><\/a><\/sup>. Pour l\u2019Union internationale de Conservation de la Nature (UICN), il a donn\u00e9 lieu \u00e0 une \u00ab&nbsp;destruction d\u00e9lib\u00e9r\u00e9e de l\u2019environnement comme tactique militaire \u00e0 une \u00e9chelle jamais vue dans l\u2019histoire de la guerre&nbsp;\u00bb<sup><a id=\"sdfootnote4anc\" href=\"#sdfootnote4sym\"><sup>4<\/sup><\/a><\/sup>. Ainsi, non seulement l\u2019environnement subit les effets des conflits arm\u00e9s, mais il est aussi malmen\u00e9 comme instrument de guerre<sup><a id=\"sdfootnote5anc\" href=\"#sdfootnote5sym\"><sup>5<\/sup><\/a><\/sup>.<br><br>Malgr\u00e9 l\u2019introduction en droit international humanitaire de dispositions relatives \u00e0 l\u2019environnement, les atteintes environnementales en relation avec les conflits arm\u00e9s n\u2019ont pas cess\u00e9. Aujourd\u2019hui, en Ukraine, une catastrophe environnementale se conjugue au drame humanitaire, provoquant des effets n\u00e9fastes durables, voire irr\u00e9versibles, qui compromettent les chances de reconstruction<sup><a id=\"sdfootnote6anc\" href=\"#sdfootnote6sym\"><sup>6<\/sup><\/a><\/sup> et pourraient avoir des r\u00e9percussions bien au-del\u00e0 de la zone de conflit.<br><br>Face \u00e0 l\u2019exacerbation des atteintes environnementales provoqu\u00e9es par la guerre, le PNUE a recommand\u00e9 d\u2019examiner l\u2019effectivit\u00e9 du droit international existant pour prot\u00e9ger l\u2019environnement en temps de conflit arm\u00e9<sup><a id=\"sdfootnote7anc\" href=\"#sdfootnote7sym\"><sup>7<\/sup><\/a><\/sup>. Cela a conduit la Commission du droit international (CDI) \u00e0 se pencher sur la question et \u00e0 adopter, en 2022, le \u00ab&nbsp;Projet de principes sur la protection de l\u2019environnement en rapport avec les conflits&nbsp;arm\u00e9s&nbsp;\u00bb<sup><a id=\"sdfootnote8anc\" href=\"#sdfootnote8sym\"><sup>8<\/sup><\/a><\/sup>.<br><br>Quelle est la place de ce nouveau texte dans le droit international positif&nbsp;? Pour d\u00e9terminer la mesure dans laquelle il renforce le cadre juridique existant et son effectivit\u00e9, il convient de mettre en lumi\u00e8re l\u2019atout que constitue&nbsp;l\u2019approche holistique retenue (I) mais aussi les limites de ce projet de principes quant \u00e0 sa capacit\u00e9 \u00e0 constituer un v\u00e9ritable&nbsp;r\u00e9gime juridique (II).<\/p>\n\n\n\n<h2 class=\"wp-block-heading has-text-align-center has-medium-font-size\">I. L\u2019approche holistique du projet de principes<\/h2>\n\n\n\n<p class=\"has-text-align-justify has-background\" style=\"background-color:#edf7fb\">Avant l\u2019adoption du projet de principes de la CDI, il existait une r\u00e9glementation juridique pour prot\u00e9ger l\u2019environnement en rapport avec les conflits arm\u00e9s, toutefois \u00e9parse. Ainsi, le principal atout du projet de principes est-il de synth\u00e9tiser dans un texte unique le droit applicable. Il clarifie l\u2019\u00e9tendue du droit international devant \u00eatre mobilis\u00e9 en situation de guerre pour mieux prot\u00e9ger l\u2019environnement, se r\u00e9f\u00e9rant non seulement au droit des conflits arm\u00e9s (A) mais aussi \u00e0 d\u2019autres branches du droit international (B), afin de tenir compte de toutes les phases du conflit.<\/p>\n\n\n\n<h3 class=\"wp-block-heading has-medium-font-size\">A) La centralit\u00e9 du droit des conflits arm\u00e9s pour la protection de&nbsp;l\u2019environnement pendant le<em> <\/em>conflit<\/h3>\n\n\n\n<p class=\"has-text-align-justify has-background\" style=\"background-color:#edf7fb\">Dans les travaux pr\u00e9paratoires de la CDI, il a \u00e9t\u00e9 rappel\u00e9 que le droit des conflits arm\u00e9s<sup><a id=\"sdfootnote9anc\" href=\"#sdfootnote9sym\"><sup>9<\/sup><\/a><\/sup>, lorsqu\u2019il s\u2019applique, est une <em>lex specialis<\/em> pr\u00e9valant sur les r\u00e8gles du droit international public contraires<sup><a id=\"sdfootnote10anc\" href=\"#sdfootnote10sym\"><sup>10<\/sup><\/a><\/sup>, si bien qu\u2019il occupe une place centrale dans le projet de principes s\u2019agissant de la protection de l\u2019environnement au cours du conflit<sup><a id=\"sdfootnote11anc\" href=\"#sdfootnote11sym\"><sup>11<\/sup><\/a><\/sup>.<br><br>Le droit international humanitaire vise \u00e0 garantir que les personnes qui ne participent pas ou plus directement aux hostilit\u00e9s soient prot\u00e9g\u00e9es avec humanit\u00e9<sup><a id=\"sdfootnote12anc\" href=\"#sdfootnote12sym\"><sup>12<\/sup><\/a><\/sup>, y compris des r\u00e9percussions environnementales des combats, parfois plus catastrophiques pour les populations que la guerre elle-m\u00eame<sup><a id=\"sdfootnote13anc\" href=\"#sdfootnote13sym\"><sup>13<\/sup><\/a><\/sup>. Le droit des conflits arm\u00e9s restreint \u00e9galement les moyens et m\u00e9thodes de guerre que peuvent employer les parties \u00e0 un conflit<sup><a id=\"sdfootnote14anc\" href=\"#sdfootnote14sym\"><sup>14<\/sup><\/a><\/sup>. En mati\u00e8re environnementale, cela a conduit \u00e0 l\u2019adoption de deux instruments majeurs&nbsp;: la Convention sur l\u2019interdiction d\u2019utiliser des techniques de modification de l\u2019environnement \u00e0 des fins militaires ou toutes autres fins hostiles (dite Convention ENMOD)<sup><a id=\"sdfootnote15anc\" href=\"#sdfootnote15sym\"><sup>15<\/sup><\/a><\/sup> et le Protocole additionnel I (PA I)<sup><a id=\"sdfootnote16anc\" href=\"#sdfootnote16sym\"><sup>16<\/sup><\/a><\/sup> aux Conventions de Gen\u00e8ve, qui ne sont toutefois applicables, pour les \u00c9tats parties \u00e0 ces trait\u00e9s, qu\u2019en cas de conflit arm\u00e9 international<sup><a id=\"sdfootnote17anc\" href=\"#sdfootnote17sym\"><sup>17<\/sup><\/a><\/sup>.<br><br>La Convention ENMOD, qui est le premier trait\u00e9 s\u2019int\u00e9ressant directement \u00e0 l\u2019environnement en rapport avec les conflits arm\u00e9s<sup><a id=\"sdfootnote18anc\" href=\"#sdfootnote18sym\"><sup>18<\/sup><\/a><\/sup>, interdit son utilisation comme arme de guerre. L\u2019article premier dispose&nbsp;que \u00ab&nbsp;Chaque \u00c9tat partie \u00e0 la pr\u00e9sente Convention s\u2019engage \u00e0 ne pas utiliser \u00e0 des fins militaires ou toutes autres fins hostiles des techniques de modification de l\u2019environnement ayant des effets \u00e9tendus, durables ou graves, en tant que moyens de causer des destructions, des dommages ou des pr\u00e9judices \u00e0 tout autre \u00c9tat partie&nbsp;\u00bb.<br><br>Le contenu de cette disposition a \u00e9t\u00e9 repris par le projet de principe&nbsp;17 de la CDI<sup><a id=\"sdfootnote19anc\" href=\"#sdfootnote19sym\"><sup>19<\/sup><\/a><\/sup>, qui fait \u00e9galement r\u00e9f\u00e9rence dans ses commentaires \u00e0 l\u2019\u00e9tude du Comit\u00e9 international de la croix rouge (CICR) sur le droit international humanitaire coutumier<sup><a id=\"sdfootnote20anc\" href=\"#sdfootnote20sym\"><sup>20<\/sup><\/a><\/sup>, selon laquelle cette interdiction \u00ab&nbsp;est une r\u00e8gle coutumi\u00e8re applicable dans les conflits arm\u00e9s internationaux, voire dans les conflits arm\u00e9s non internationaux&nbsp;\u00bb<sup><a id=\"sdfootnote21anc\" href=\"#sdfootnote21sym\"><sup>21<\/sup><\/a><\/sup>.<br><br>Le second instrument conventionnel qu\u2019est le PA I comporte plusieurs dispositions relatives \u00e0 la protection de l\u2019environnement en temps de conflit arm\u00e9. L\u2019article&nbsp;35(3) et l\u2019article&nbsp;55(1) interdisent, en effet, \u00ab&nbsp;d\u2019utiliser des m\u00e9thodes ou moyens de guerre qui sont con\u00e7us pour causer, ou dont on peut attendre qu\u2019ils causeront, des dommages \u00e9tendus, durables et graves \u00e0 l\u2019environnement naturel&nbsp;\u00bb. L\u2019article&nbsp;55(2) quant \u00e0 lui interdit les attaques contre l\u2019environnement naturel \u00e0 titre de repr\u00e9sailles.<br><br>L\u00e0 encore, la substance de ces dispositions est reprise par le projet de la CDI<sup><a id=\"sdfootnote22anc\" href=\"#sdfootnote22sym\"><sup>22<\/sup><\/a><\/sup>, qui envisage toutefois l\u2019hypoth\u00e8se o\u00f9 l\u2019environnement perdrait sa qualification de bien de caract\u00e8re civil et par cons\u00e9quent la protection qui y est associ\u00e9e. En effet, le principe 13&nbsp;\u00a7&nbsp;3 pr\u00e9voit \u00ab&nbsp;qu\u2019aucune partie de l\u2019environnement naturel ne saurait \u00eatre attaqu\u00e9e, \u00e0 moins qu\u2019elle soit devenue un objectif militaire&nbsp;\u00bb<sup><a id=\"sdfootnote23anc\" href=\"#sdfootnote23sym\"><sup>23<\/sup><\/a><\/sup>.<br><br>M\u00eame dans le cas o\u00f9 l\u2019environnement deviendrait un objectif militaire, \u00ab&nbsp;les \u00c9tats seront toujours tenus, quelle que soit la situation sur le terrain et l\u2019urgence militaire, de ne pas recourir \u00e0 des m\u00e9thodes ou moyens de guerre, dont on peut attendre qu\u2019ils causeront des dommages \u00e9tendus, durables et graves \u00e0 l\u2019environnement naturel&nbsp;\u00bb<sup><a id=\"sdfootnote24anc\" href=\"#sdfootnote24sym\"><sup>24<\/sup><\/a><\/sup>. La Cour internationale de justice (CIJ) a d\u2019ailleurs consid\u00e9r\u00e9 que \u00ab&nbsp;le respect de l\u2019environnement et l\u2019un des \u00e9l\u00e9ments qui permette de juger si une action est conforme aux principes de n\u00e9cessit\u00e9 et de proportionnalit\u00e9&nbsp;\u00bb<sup><a id=\"sdfootnote25anc\" href=\"#sdfootnote25sym\"><sup>25<\/sup><\/a><\/sup>.<br><br>Le projet de la CDI limite \u00e9galement sa protection de l\u2019environnement vis-\u00e0-vis des dommages \u00ab&nbsp;\u00e9tendus, durables <em>et<\/em> graves&nbsp;\u00bb, alors que ces conditions ne sont qu\u2019alternatives au titre de l\u2019interdiction des techniques de modification de l\u2019environnement \u00e0 des fins militaires.<br><br>En toute hypoth\u00e8se, ces crit\u00e8res sont d\u2019une grande subjectivit\u00e9 et n\u2019ont pas donn\u00e9 lieu \u00e0 une interpr\u00e9tation par le juge international, alors que certains conflits ont, dans les faits, occasionn\u00e9 de tels dommages environnementaux<sup><a id=\"sdfootnote26anc\" href=\"#sdfootnote26sym\"><sup>26<\/sup><\/a><\/sup>. Or, au-del\u00e0 de ces instruments juridiques obligatoires, il existe des directives de valeur recommandatoire<sup><a id=\"sdfootnote27anc\" href=\"#sdfootnote27sym\"><sup>27<\/sup><\/a><\/sup>, qui pourraient servir \u00e0 d\u00e9terminer le seuil d\u2019application de ces principes. En outre, le projet de principes de la CDI se r\u00e9f\u00e8re \u00e0 d\u2019autres r\u00e8gles du droit international pour une protection plus efficace de l\u2019environnement en rapport avec les conflits arm\u00e9s.<\/p>\n\n\n\n<h3 class=\"wp-block-heading has-medium-font-size\">B) Les autres branches du droit international pertinentes pour la protection de l\u2019environnement dans&nbsp;toutes les&nbsp;phases du&nbsp;conflit<\/h3>\n\n\n\n<p class=\"has-text-align-justify has-background\" style=\"background-color:#edf7fb\">Dans son rapport sur la fragmentation du droit international, la CDI a explicit\u00e9 l\u2019id\u00e9e selon laquelle plusieurs r\u00e8gles du droit international peuvent \u00eatre orient\u00e9es vers la poursuite d\u2019un id\u00e9al commun<sup><a id=\"sdfootnote28anc\" href=\"#sdfootnote28sym\"><sup>28<\/sup><\/a><\/sup>. Suivant cette approche s\u2019agissant de la protection de l\u2019environnement en rapport avec les conflits arm\u00e9s, elle s\u2019attache \u00e0 d\u00e9montrer qu\u2019en la mati\u00e8re les obligations des \u00c9tats vont au-del\u00e0 du droit des conflits arm\u00e9s et qu\u2019il faut consid\u00e9rer toutes les obligations conventionnelles ou coutumi\u00e8res pertinentes<sup><a id=\"sdfootnote29anc\" href=\"#sdfootnote29sym\"><sup>29<\/sup><\/a><\/sup>. Cette approche mat\u00e9rielle holistique a \u00e9t\u00e9 favoris\u00e9e par la prise en compte de l\u2019ensemble des phases des conflits dans le projet de principes de la CDI<sup><a id=\"sdfootnote30anc\" href=\"#sdfootnote30sym\"><sup>30<\/sup><\/a><\/sup>.<br><br>Le projet de principes de la CDI comporte ainsi une partie relative aux \u00ab&nbsp;principes d\u2019application g\u00e9n\u00e9rale&nbsp;\u00bb qui pr\u00e9voit des mesures pouvant \u00eatre prises avant le d\u00e9but des hostilit\u00e9s et qui continueront de s\u2019appliquer pendant le conflit. Tel est le cas du projet de principe&nbsp;4 sur la \u00ab&nbsp;d\u00e9claration de zones prot\u00e9g\u00e9es&nbsp;\u00bb<sup><a id=\"sdfootnote31anc\" href=\"#sdfootnote31sym\"><sup>31<\/sup><\/a><\/sup>, dont le commentaire fait r\u00e9f\u00e9rence en particulier \u00e0 la Convention sur la diversit\u00e9 biologique et \u00e0 la Convention de Ramsar, ou encore du projet de principe&nbsp;5 sur la \u00ab&nbsp;Protection de l\u2019environnement des peuples autochtones&nbsp;\u00bb qui s\u2019appuie notamment sur la D\u00e9claration des Nations&nbsp;Unies sur les droits des peuples autochtones et la Convention de l\u2019Organisation internationale du travail n\u00b0&nbsp;169.<br><br>Le projet de principes contient \u00e9galement une partie sp\u00e9cifiquement consacr\u00e9e aux \u00ab&nbsp;principes applicables apr\u00e8s un conflit arm\u00e9&nbsp;\u00bb, au titre de laquelle le droit international de l\u2019environnement et le droit international des droits de l\u2019homme sont particuli\u00e8rement topiques. Par exemple, le commentaire du projet de principe&nbsp;23 sur \u00ab&nbsp;l\u2019\u00e9change et mise \u00e0 disposition d\u2019informations&nbsp;\u00bb<sup><a id=\"sdfootnote32anc\" href=\"#sdfootnote32sym\"><sup>32<\/sup><\/a><\/sup> fait r\u00e9f\u00e9rence aux obligations que les \u00c9tats et les organisations internationales pertinentes peuvent avoir non seulement en vertu du Pacte international relatif aux droits civils et politiques (PIDCP), et d\u2019autres instruments du droit international des droits de l\u2019homme, mais aussi de la Convention d\u2019Aarhus comme d\u2019autres conventions environnementales. Le commentaire cite \u00e9galement la jurisprudence de plusieurs juridictions r\u00e9gionales<sup><a id=\"sdfootnote33anc\" href=\"#sdfootnote33sym\"><sup>33<\/sup><\/a><\/sup> et les conventions sur l\u2019interdiction de certaines armes classiques ainsi que sur celles \u00e0 sous-munitions.<br><br>Toutefois, c\u2019est sans doute dans la partie consacr\u00e9e aux \u00ab&nbsp;principes applicables dans les situations d\u2019occupation&nbsp;\u00bb que la CDI insiste le plus sur les diff\u00e9rentes branches du droit \u00e0 consid\u00e9rer pour prot\u00e9ger l\u2019environnement en rapport avec les conflits arm\u00e9s. Ainsi, elle affirme dans son commentaire du principe&nbsp;19 sur \u00ab&nbsp;les obligations g\u00e9n\u00e9rales de la Puissance occupante&nbsp;relatives \u00e0 l\u2019environnement&nbsp;\u00bb, consistant notamment \u00e0 pr\u00e9venir les dommages significatifs caus\u00e9s \u00e0 l\u2019environnement du territoire occup\u00e9<sup><a id=\"sdfootnote34anc\" href=\"#sdfootnote34sym\"><sup>34<\/sup><\/a><\/sup>, que \u00ab&nbsp;l\u2019expression \u201cdroit international applicable\u201d s\u2019entend, en particulier, du droit des conflits arm\u00e9s, mais aussi du droit international de l\u2019environnement et du droit international des droits de l\u2019homme&nbsp;\u00bb<sup><a id=\"sdfootnote35anc\" href=\"#sdfootnote35sym\"><sup>35<\/sup><\/a><\/sup>. Ce principe pr\u00e9voit \u00e9galement le respect et la protection par la puissance occupante de l\u2019environnement du territoire occup\u00e9, conform\u00e9ment au droit national du territoire occup\u00e9. Le projet de principe&nbsp;21 fait, par ailleurs, peser sur la puissance occupante l\u2019obligation de pr\u00e9vention des dommages significatifs \u00e0 l\u2019environnement non seulement dans d\u2019autres \u00c9tats et dans des zones ne relevant d\u2019aucune juridiction nationale, mais aussi \u00ab&nbsp;dans toute zone de l\u2019\u00c9tat occup\u00e9 se trouvant en dehors du territoire occup\u00e9&nbsp;\u00bb, confirmant le principe&nbsp;24 de la D\u00e9claration de Rio selon lequel le droit international coutumier et les trait\u00e9s relatifs \u00e0 la protection de l\u2019environnement continuent de s\u2019appliquer dans les situations de conflits arm\u00e9s. La CIJ y avait d\u2019ailleurs fait r\u00e9f\u00e9rence dans son avis de 1996 sur la \u00ab&nbsp;Lic\u00e9it\u00e9 de la menace ou de l\u2019emploi de l\u2019arme nucl\u00e9aire&nbsp;\u00bb<sup><a id=\"sdfootnote36anc\" href=\"#sdfootnote36sym\"><sup>36<\/sup><\/a><\/sup>, sans pour autant clairement trancher la question.<br><br>C\u2019est l\u00e0 toute l\u2019ambition du projet de principe de la CDI, qui a n\u00e9anmoins reconnu que si l\u2019\u00e9tude de la protection de l\u2019environnement en rapport avec les conflits arm\u00e9s affiche un objectif <em>a&nbsp;priori<\/em> simple, sa codification s\u2019av\u00e8re complexe parce qu\u2019elle pose un probl\u00e8me de d\u00e9limitation du sujet compte tenu de l\u2019imbrication des r\u00e8gles juridiques en cause<sup><a id=\"sdfootnote37anc\" href=\"#sdfootnote37sym\"><sup>37<\/sup><\/a><\/sup>. L\u2019atout principal du projet peut d\u00e8s lors aussi \u00eatre con\u00e7u comme \u00e0 l\u2019origine des limites de celui-ci.<\/p>\n\n\n\n<h2 class=\"wp-block-heading has-text-align-center has-medium-font-size\">II. L\u2019incapacit\u00e9 du projet de principes \u00e0 constituer en tant que tel un&nbsp;r\u00e9gime juridique<\/h2>\n\n\n\n<p class=\"has-text-align-justify has-background\" style=\"background-color:#edf7fb\">Les limites du projet de principes de la CDI tiennent \u00e0 la valeur juridique de ce texte en tant que tel (A), mais aussi \u00e0 sa capacit\u00e9 \u00e0 produire des effets concrets, notamment compte tenu des difficult\u00e9s pratiques d\u2019\u00e9valuation \u2013 et donc de pr\u00e9vention comme de r\u00e9paration \u2013 des atteintes \u00e0 l\u2019environnement en rapport avec les conflits arm\u00e9s (B).<\/p>\n\n\n\n<h3 class=\"wp-block-heading has-medium-font-size\">A) La valeur juridique restreinte du projet<\/h3>\n\n\n\n<p class=\"has-text-align-justify has-background\" style=\"background-color:#edf7fb\">Certains principes du projet de la CDI avaient d\u00e9j\u00e0 acquis une valeur conventionnelle ou coutumi\u00e8re, si bien que la CDI se contente de les rappeler dans un texte synth\u00e9tique. Au-del\u00e0 des exemples d\u00e9j\u00e0 mentionn\u00e9s, c\u2019est le cas du projet de principe relatif \u00e0 l\u2019interdiction du pillage des ressources naturelles<sup><a id=\"sdfootnote38anc\" href=\"#sdfootnote38sym\"><sup>38<\/sup><\/a><\/sup>, dont la violation constitue un crime de guerre<sup><a id=\"sdfootnote39anc\" href=\"#sdfootnote39sym\"><sup>39<\/sup><\/a><\/sup>, et ce depuis longtemps<sup><a id=\"sdfootnote40anc\" href=\"#sdfootnote40sym\"><sup>40<\/sup><\/a><\/sup>. C\u2019est \u00e9galement le cas du principe&nbsp;9 sur la responsabilit\u00e9 des \u00c9tats qui r\u00e9affirme les travaux de la CDI dans ce domaine et s\u2019inspire, en outre, de l\u2019arr\u00eat \u00ab&nbsp;Certaines activit\u00e9s (<em>Costa&nbsp;Rica c.&nbsp;Nicaragua<\/em>)&nbsp;\u00bb, dans lequel la CIJ a \u00e9tabli qu\u2019\u00ab&nbsp;il est conforme aux principes du droit international r\u00e9gissant les cons\u00e9quences de faits internationalement illicites, et notamment au principe de la r\u00e9paration int\u00e9grale, de conclure que les dommages environnementaux ouvrent en eux-m\u00eames droit \u00e0 indemnisation&nbsp;\u00bb<sup><a id=\"sdfootnote41anc\" href=\"#sdfootnote41sym\"><sup>41<\/sup><\/a><\/sup>.<br><br>Pour autant, le caract\u00e8re obligatoire du projet de principes de la CDI n\u2019est pas, en l\u2019\u00e9tat actuel, acquis. Les travaux de la CDI ne constituent, en tant que tels, que des avant-projets de conventions, voire de simples mod\u00e8les de r\u00e8gles, qui ne sont, formellement, susceptibles de devenir opposables qu\u2019en fonction de l\u2019acceptation des \u00c9tats<sup><a id=\"sdfootnote42anc\" href=\"#sdfootnote42sym\"><sup>42<\/sup><\/a><\/sup>.<br><br>\u00c0 l\u2019issue de l\u2019adoption provisoire du projet en 2016, les discussions avaient d\u2019ailleurs notamment port\u00e9 sur la forme de celui-ci<sup><a id=\"sdfootnote43anc\" href=\"#sdfootnote43sym\"><sup>43<\/sup><\/a><\/sup>, la rapporteuse Jacobson ayant opt\u00e9 pour un \u00ab&nbsp;projet de principes&nbsp;\u00bb et non \u00ab&nbsp;d\u2019articles&nbsp;\u00bb au regard de sa souplesse pour couvrir toutes les phases du sujet, cette position ayant n\u00e9anmoins oppos\u00e9 les membres de la Commission<sup><a id=\"sdfootnote44anc\" href=\"#sdfootnote44sym\"><sup>44<\/sup><\/a><\/sup>.<br><br>La forme du projet de principes laisse ainsi entendre sa nature recommandatoire, ce qui est confirm\u00e9 par certains \u00e9l\u00e9ments de son contenu. Par exemple, l\u2019interdiction des attaques \u00e0 titre de repr\u00e9sailles contre l\u2019environnement<sup><a id=\"sdfootnote45anc\" href=\"#sdfootnote45sym\"><sup>45<\/sup><\/a><\/sup> a suscit\u00e9 tant de d\u00e9bats que l\u2019on peut douter de son caract\u00e8re coutumier. Le principe 8 sur la prise en compte de l\u2019environnement dans les zones o\u00f9 se trouvent et transitent des personnes d\u00e9plac\u00e9es par un conflit arm\u00e9 r\u00e9pond, quant \u00e0 lui, \u00e0 de nombreux appels en ce sens \u00e9manant d\u2019organisations internationales, mais il est d\u00e8s lors pr\u00e9matur\u00e9 de le consid\u00e9rer comme un principe coutumier. De m\u00eame, le principe&nbsp;6 vise \u00e0 prendre acte et \u00e0 encourager l\u2019\u00e9volution r\u00e9cente consistant \u00e0 inclure la protection de l\u2019environnement dans les accords relatifs \u00e0 la pr\u00e9sence de force militaires conclus avec des \u00c9tats h\u00f4tes, mais le commentaire explicite le fait que \u00ab&nbsp;l\u2019emploi de la forme verbale \u201cdevraient\u201d indique que le principe n\u2019a pas de caract\u00e8re obligatoire&nbsp;\u00bb. Une analyse comparable peut \u00eatre faite du principe&nbsp;22 sur la prise en compte des consid\u00e9rations environnementales dans les processus de paix. Enfin, si le projet innove en consacrant son principe&nbsp;10 au devoir de diligence des entreprises, ses commentaires pr\u00e9cisent qu\u2019il \u00ab&nbsp;ne traduit pas une obligation juridique g\u00e9n\u00e9ralement contraignante et a donc \u00e9t\u00e9 formul\u00e9 comme une recommandation&nbsp;\u00bb<sup><a id=\"sdfootnote46anc\" href=\"#sdfootnote46sym\"><sup>46<\/sup><\/a><\/sup>. Le principe&nbsp;11 quant \u00e0 lui permet \u00ab&nbsp;d\u2019\u00e9largir [la] possibilit\u00e9 d\u2019engager et de mettre en \u0153uvre la responsabilit\u00e9 des entreprises et soci\u00e9t\u00e9s commerciales, par le biais des obligations de l\u2019\u00c9tat&nbsp;\u00bb<sup><a id=\"sdfootnote47anc\" href=\"#sdfootnote47sym\"><sup>47<\/sup><\/a><\/sup>, conform\u00e9ment \u00e0 l\u2019exigence du Comit\u00e9 des droits de l\u2019homme<sup><a id=\"sdfootnote48anc\" href=\"#sdfootnote48sym\"><sup>48<\/sup><\/a><\/sup> et du CICR<sup><a id=\"sdfootnote49anc\" href=\"#sdfootnote49sym\"><sup>49<\/sup><\/a><\/sup>, mais la formulation retenue demeure peu contraignante, m\u00e9nageant une certaine flexibilit\u00e9 \u00e0 travers l\u2019expression \u00ab&nbsp;selon qu\u2019il convient&nbsp;\u00bb mentionn\u00e9e \u00e0 deux reprises.<br><br>En tout \u00e9tat de cause, ce projet de principes rel\u00e8ve donc du droit souple. Cela ne signifie pas pour autant que les dispositions les plus innovantes du projet de principes de la CDI n\u2019ont aucune valeur juridique. Elles peuvent ainsi servir de guide interpr\u00e9tatif devant le juge national ou international et participer \u00e0 un \u00ab&nbsp;processus \u00e0 finalit\u00e9 normative&nbsp;\u00bb<sup><a id=\"sdfootnote50anc\" href=\"#sdfootnote50sym\"><sup>50<\/sup><\/a><\/sup>, y compris en tant qu\u2019indice de l\u2019existence d\u2019une <em>opinio juris<\/em> ou d\u2019une pratique contribuant \u00e0 la formation d\u2019une coutume. Au-del\u00e0 toutefois de sa consistance formelle, la force contraignante d\u2019une disposition d\u00e9pend aussi de son efficacit\u00e9 concr\u00e8te, et suppose donc de d\u00e9passer les difficult\u00e9s de mise en \u0153uvre.<\/p>\n\n\n\n<h3 class=\"wp-block-heading has-medium-font-size\">B) Les difficult\u00e9s li\u00e9es \u00e0 la mise en \u0153uvre du projet de principes<\/h3>\n\n\n\n<p class=\"has-text-align-justify has-background\" style=\"background-color:#edf7fb\">L\u2019\u00e9valuation environnementale est au c\u0153ur de la mise en \u0153uvre du projet de principes de la CDI. C\u2019est elle qui permettra de d\u00e9terminer la n\u00e9cessit\u00e9 et la proportionnalit\u00e9 d\u2019une attaque<sup><a id=\"sdfootnote51anc\" href=\"#sdfootnote51sym\"><sup>51<\/sup><\/a><\/sup>, l\u2019impact d\u2019une op\u00e9ration de paix<sup><a id=\"sdfootnote52anc\" href=\"#sdfootnote52sym\"><sup>52<\/sup><\/a><\/sup>, ou les zones d\u2019importance environnementale<sup><a id=\"sdfootnote53anc\" href=\"#sdfootnote53sym\"><sup>53<\/sup><\/a><\/sup>.<br><br>Le projet de la CDI consacre d\u2019ailleurs un principe aux \u00e9valuations environnementales<sup><a id=\"sdfootnote54anc\" href=\"#sdfootnote54sym\"><sup>54<\/sup><\/a><\/sup>, mais seulement sous l\u2019angle des mesures correctives \u00e0 prendre apr\u00e8s un conflit arm\u00e9. Pourtant, dans le rapport pr\u00e9liminaire de la Rapporteuse sp\u00e9ciale Jacobson, il avait \u00e9t\u00e9 soutenu l\u2019id\u00e9e d\u2019un principe obligeant les \u00c9tats \u00e0 proc\u00e9der \u00e0 des \u00e9tudes d\u2019impact sur l\u2019environnement dans l\u2019ensemble des phases du conflit arm\u00e9, et notamment dans le cadre de la planification militaire<sup><a id=\"sdfootnote55anc\" href=\"#sdfootnote55sym\"><sup>55<\/sup><\/a><\/sup>. Cela aurait \u00e9t\u00e9 conforme \u00e0 l\u2019obligation coutumi\u00e8re \u00ab&nbsp;de proc\u00e9der \u00e0 une \u00e9valuation de l\u2019impact sur l\u2019environnement lorsque l\u2019activit\u00e9 [\u2026] projet\u00e9e risque d\u2019avoir un impact pr\u00e9judiciable important dans un cadre transfronti\u00e8re, et en particulier sur une ressource partag\u00e9e&nbsp;\u00bb<sup><a id=\"sdfootnote56anc\" href=\"#sdfootnote56sym\"><sup>56<\/sup><\/a><\/sup>, dont on peut consid\u00e9rer qu\u2019elle s\u2019applique aux activit\u00e9s militaires, par nature dangereuses<sup><a id=\"sdfootnote57anc\" href=\"#sdfootnote57sym\"><sup>57<\/sup><\/a><\/sup>. En revanche, dans la pratique, les \u00e9valuations environnementales sont confront\u00e9es \u00e0 d\u2019\u00e9normes d\u00e9fis \u00e0 chaque \u00e9tape du conflit.<br><br>L\u2019identification des enjeux environnementaux et la pr\u00e9vision des impacts d\u2019un conflit arm\u00e9 sur l\u2019environnement ne posent pas de probl\u00e8me m\u00e9thodologique excessif dans la mesure o\u00f9 cette \u00e9valuation environnementale <em>ex&nbsp;ante<\/em> peut s\u2019appuyer sur les indicateurs d\u00e9velopp\u00e9s au titre de plusieurs r\u00e9gimes conventionnels environnementaux<sup><a id=\"sdfootnote58anc\" href=\"#sdfootnote58sym\"><sup>58<\/sup><\/a><\/sup>. La difficult\u00e9 r\u00e9side plut\u00f4t dans l\u2019anticipation d\u2019un conflit \u00e0 venir et dans la d\u00e9termination des autorit\u00e9s comp\u00e9tentes pour r\u00e9aliser une telle \u00e9valuation avant son d\u00e9clenchement.<br><br>Durant le conflit, ce sont avant tout des raisons s\u00e9curitaires qui emp\u00eachent l\u2019acc\u00e8s aux sites et donc la collecte d\u2019information. \u00c0 cela s\u2019ajoutent la perturbation de la surveillance r\u00e9guli\u00e8re de l\u2019environnement et l\u2019importante d\u00e9sinformation \u00e0 laquelle se livrent les parties en conflit. Pour tenter de limiter ces difficult\u00e9s, le projet de la CDI rappelle n\u00e9anmoins l\u2019obligation des \u00c9tats et des organisations internationales d\u2019\u00e9changer les informations pertinentes ou d\u2019y donner acc\u00e8s<sup><a id=\"sdfootnote59anc\" href=\"#sdfootnote59sym\"><sup>59<\/sup><\/a><\/sup>. \u00c0 cet \u00e9gard, le conflit en Ukraine se singularise par le volume de donn\u00e9es qui ont \u00e9t\u00e9 recueillies et rendues publiques par les autorit\u00e9s ukrainiennes, sa soci\u00e9t\u00e9 civile, des organisations non gouvernementales locales et des organisations internationales, comme le PNUE<sup><a id=\"sdfootnote60anc\" href=\"#sdfootnote60sym\"><sup>60<\/sup><\/a><\/sup>, l\u2019Organisation pour la s\u00e9curit\u00e9 et la coop\u00e9ration en Europe ou encore l\u2019initiative humanitaire REACH. Plusieurs plateformes en ligne pr\u00e9sentent ainsi des donn\u00e9es, r\u00e9guli\u00e8rement mises \u00e0 jour, sur les dommages et les risques environnementaux dus \u00e0 la guerre en cours<sup><a id=\"sdfootnote61anc\" href=\"#sdfootnote61sym\"><sup>61<\/sup><\/a><\/sup>.<br><br>Pour autant, les \u00e9valuations <em>ex post<\/em> demeurent complexes dans la mesure o\u00f9 il n\u2019existe toujours pas de norme internationale pour mesurer les dommages \u00e9cologiques caus\u00e9s par les conflits<sup><a id=\"sdfootnote62anc\" href=\"#sdfootnote62sym\"><sup>62<\/sup><\/a><\/sup>. Le commentaire du principe&nbsp;24 du projet de la CDI reconna\u00eet d\u2019ailleurs \u00ab&nbsp;la raret\u00e9 de la pratique&nbsp;en mati\u00e8re d\u2019\u00e9valuation environnementale apr\u00e8s un conflit&nbsp;\u00bb, dont l\u2019expression la plus aboutie est celle du PNUE. Il n\u2019en demeure pas moins que l\u2019approche ax\u00e9e sur la quantification des dommages dans des secteurs distincts (terre, eau, air, for\u00eat, sol, etc.) est approximative, car elle ne rend pas compte de la complexit\u00e9 des \u00e9cosyst\u00e8mes et des services non tangibles qu\u2019ils fournissent, notamment en termes de valeur culturelle et de patrimoine. N\u00e9anmoins, la guerre en Ukraine a \u00e9galement donn\u00e9 lieu \u00e0 la premi\u00e8re estimation des \u00e9missions de gaz \u00e0 effet de serre pour un conflit actif<sup><a id=\"sdfootnote63anc\" href=\"#sdfootnote63sym\"><sup>63<\/sup><\/a><\/sup>, contribuant aux appels du pr\u00e9sident Zelensky pour attirer l\u2019attention de la communaut\u00e9 internationale sur les cons\u00e9quences environnementales de l\u2019agression russe<sup><a id=\"sdfootnote64anc\" href=\"#sdfootnote64sym\"><sup>64<\/sup><\/a><\/sup>.<br><br>Ces m\u00e9thodologies suscit\u00e9es par la guerre en Ukraine pourraient contribuer \u00e0 unifier les approches actuelles sur l\u2019\u00e9valuation des impacts environnementaux des conflits arm\u00e9s et favoriser leur r\u00e9paration, pour autant que les acteurs responsables puissent \u00eatre identifi\u00e9s. C\u2019est notamment pour tenir compte de cette difficult\u00e9 et plus globalement du manque de moyens pour engager la responsabilit\u00e9 et obtenir r\u00e9paration, que le projet de principe&nbsp;25 pr\u00e9voit la cr\u00e9ation de fonds sp\u00e9ciaux d\u2019indemnisation ou d\u2019autres dispositifs de secours ou d\u2019assistance.<\/p>\n\n\n\n<h2 class=\"wp-block-heading has-text-align-center has-medium-font-size\">Conclusion<\/h2>\n\n\n\n<p class=\"has-text-align-justify has-background\" style=\"background-color:#edf7fb\">La CDI a indiqu\u00e9 que l\u2019adoption du projet de principes visait dans une certaine mesure \u00e0 compl\u00e9ter les r\u00e8gles du droit international humanitaire qui traitent de fa\u00e7on lacunaire de la protection de l\u2019environnement en relation avec les conflits arm\u00e9s. Elle a soulign\u00e9 la n\u00e9cessit\u00e9 de mettre \u00e0 profit les normes du droit international de l\u2019environnement ou du droit international des droits de l\u2019homme, tout en tenant compte des r\u00e9alit\u00e9s de la guerre. Le projet de la CDI a d\u00e9montr\u00e9 \u00e0 tout le moins que la compl\u00e9mentarit\u00e9 des r\u00e9gimes juridiques sp\u00e9ciaux et du droit international g\u00e9n\u00e9ral \u00e9tait l\u2019une des pistes essentielles \u00e0 la consolidation de la protection de l\u2019environnement en situation de conflit arm\u00e9. Si le projet contribue \u00e0 la codification du droit coutumier existant et \u00e0 la r\u00e9affirmation de dispositions conventionnelles, il participe \u00e0 plusieurs \u00e9gards au d\u00e9veloppement progressif du droit international. D\u00e8s lors, il n\u2019a pas vocation \u00e0 devenir un trait\u00e9, du moins \u00e0 court terme. Il permet n\u00e9anmoins d\u2019identifier, et parfois de combler, les besoins normatifs favorisant l\u2019application effective des principes qu\u2019il \u00e9nonce.<\/p>\n\n\n\n<hr class=\"wp-block-separator has-alpha-channel-opacity\"\/>\n\n\n\n<p class=\"has-text-align-justify\"><a href=\"#sdfootnote1anc\" id=\"sdfootnote1sym\">1<\/a> Cette contribution synth\u00e9tise et compl\u00e8te le m\u00e9moire r\u00e9dig\u00e9 au cours de l\u2019ann\u00e9e 2022-2023 par M.&nbsp;Sayouba Kabor\u00e9 sous la direction du Pr Anne-Sophie Tabau.<\/p>\n\n\n\n<p class=\"has-text-align-justify\"><a href=\"#sdfootnote2anc\" id=\"sdfootnote2sym\">2<\/a> D\u00e9claration de M. Antonio Guterres, Secr\u00e9taire g\u00e9n\u00e9ral de l\u2019Organisation des Nations Unies \u00e0 l\u2019occasion de la Journ\u00e9e internationale pour la pr\u00e9vention de l\u2019exploitation de l\u2019environnement en temps de guerre et de conflit arm\u00e9, 6&nbsp;novembre 2020.<\/p>\n\n\n\n<p><a href=\"#sdfootnote3anc\" id=\"sdfootnote3sym\">3<\/a> PNUE, <em>Global Environnement Outlook 2000<\/em>, London, Earthscan, 1999, p.&nbsp;79.<\/p>\n\n\n\n<p class=\"has-text-align-justify\"><a href=\"#sdfootnote4anc\" id=\"sdfootnote4sym\">4<\/a> Traduction de<em> <\/em>la citation de<em> <\/em>A.K. Mcdougal, \u00ab&nbsp;The vanishing forests&nbsp;\u00bb, <em>Los Angeles Times<\/em>, 1987&nbsp;: \u00ab&nbsp;deliberate destruction of the environment as a military tactic on a scale never before seen in the history of warfare&nbsp;\u00bb.<\/p>\n\n\n\n<p class=\"has-text-align-justify\"><a href=\"#sdfootnote5anc\" id=\"sdfootnote5sym\">5<\/a> P. Boulanger, \u00ab&nbsp;Du bon usage de l\u2019environnement par les arm\u00e9es. Le d\u00e9but des strat\u00e9gies nationales militaires de d\u00e9veloppement durable&nbsp;\u00bb, <em>Cahiers de g\u00e9ographie du Qu\u00e9bec<\/em>, vol.&nbsp;54, n\u00b0 152, septembre&nbsp;2010, p.&nbsp;313.<\/p>\n\n\n\n<p class=\"has-text-align-justify\"><a href=\"#sdfootnote6anc\" id=\"sdfootnote6sym\">6<\/a> C. Dagnicourt, \u00ab&nbsp;Guerre en Ukraine et destruction de l\u2019environnement&nbsp;: que peut le droit international?&nbsp;\u00bb, <em>The conversation<\/em>, 5&nbsp;juin 2022, disponible ici.<\/p>\n\n\n\n<p class=\"has-text-align-justify\"><a href=\"#sdfootnote7anc\" id=\"sdfootnote7sym\">7<\/a> UNEP, <em>Protecting the Environment during armed conflicts: An inventory and Analysis of International <\/em><em>Law,<\/em> 2009, p.&nbsp;53, Recommandation n\u00b0&nbsp;3.<\/p>\n\n\n\n<p class=\"has-text-align-justify\"><a href=\"#sdfootnote8anc\" id=\"sdfootnote8sym\">8<\/a> CDI, Projet de principes sur la protection de l\u2019environnement en rapport avec les conflits arm\u00e9s, adopt\u00e9 de sa soixante-treizi\u00e8me session, <em>Annuaire de la CDI<\/em>, vol.&nbsp;II (2), 2022.<\/p>\n\n\n\n<p class=\"has-text-align-justify\"><a href=\"#sdfootnote9anc\" id=\"sdfootnote9sym\">9<\/a> \u00c9galement appel\u00e9 \u00ab&nbsp;droit de la guerre&nbsp;\u00bb ou \u00ab&nbsp;droit international humanitaire&nbsp;\u00bb.<\/p>\n\n\n\n<p class=\"has-text-align-justify\"><a href=\"#sdfootnote10anc\" id=\"sdfootnote10sym\">10<\/a> CDI, Rapport de sa soixante-treizi\u00e8me session, A\/77\/10, commentaire g\u00e9n\u00e9ral, \u00a7&nbsp;4, 2022, p.&nbsp;102. Sur cette question, voir dans le pr\u00e9sent volume R. Le&nbsp;B\u0153uf, \u00ab&nbsp;Droit de la paix et droit de la guerre&nbsp;: que reste-t-il du temple de Janus&nbsp;?&nbsp;\u00bb.<\/p>\n\n\n\n<p class=\"has-text-align-justify\"><a href=\"#sdfootnote11anc\" id=\"sdfootnote11sym\">11<\/a> Troisi\u00e8me partie du projet de principes sur les \u00ab&nbsp;Principes applicables pendant un conflit arm\u00e9&nbsp;\u00bb.<\/p>\n\n\n\n<p class=\"has-text-align-justify\"><a href=\"#sdfootnote12anc\" id=\"sdfootnote12sym\">12<\/a> N. Melzer, <em>Droit international humanitaire&nbsp;: Introduction d\u00e9taill\u00e9e<\/em>, CICR, Gen\u00e8ve, juin&nbsp;2020, p.&nbsp;21.<\/p>\n\n\n\n<p class=\"has-text-align-justify\"><a href=\"#sdfootnote13anc\" id=\"sdfootnote13sym\">13<\/a> A. Khazri, \u00ab&nbsp;Le d\u00e9veloppement durable et les conflits arm\u00e9s&nbsp;\u00bb, <em>Telescope<\/em>, vol.&nbsp;17, n\u00b0&nbsp;2, 2011, p.&nbsp;124.<\/p>\n\n\n\n<p class=\"has-text-align-justify\"><a href=\"#sdfootnote14anc\" id=\"sdfootnote14sym\">14<\/a> N. Melzer,<em> op.&nbsp;cit.<\/em><\/p>\n\n\n\n<p class=\"has-text-align-justify\"><a href=\"#sdfootnote15anc\" id=\"sdfootnote15sym\">15<\/a> Convention ENMOD du 10&nbsp;d\u00e9cembre 1976.<\/p>\n\n\n\n<p><a href=\"#sdfootnote16anc\" id=\"sdfootnote16sym\">16<\/a> PA I relatif \u00e0 la protection des victimes de conflits arm\u00e9s internationaux du 8&nbsp;juin 1977.<\/p>\n\n\n\n<p><a href=\"#sdfootnote17anc\" id=\"sdfootnote17sym\">17<\/a> Article&nbsp;2 commun aux quatre Conventions de Gen\u00e8ve de 1949.<\/p>\n\n\n\n<p><a href=\"#sdfootnote18anc\" id=\"sdfootnote18sym\">18<\/a> K. Mollard-Bannelier, <em>La protection de l\u2019environnement en temps de conflit arm\u00e9<\/em>, Th\u00e8se, Paris, Pedone, 2001, p.&nbsp;9.<\/p>\n\n\n\n<p><a href=\"#sdfootnote19anc\" id=\"sdfootnote19sym\">19<\/a> CDI, Rapport de sa soixante-treizi\u00e8me session, <em>op.&nbsp;cit<\/em>., commentaire du principe 17, \u00a7&nbsp;1, p.&nbsp;162.<\/p>\n\n\n\n<p><a href=\"#sdfootnote20anc\" id=\"sdfootnote20sym\">20<\/a> <em>Ibid..<\/em>, \u00a7&nbsp;2, p.&nbsp;162.<\/p>\n\n\n\n<p class=\"has-text-align-justify\"><a href=\"#sdfootnote21anc\" id=\"sdfootnote21sym\">21<\/a> <em>Ibid.<\/em>, \u00a7&nbsp;4, p.&nbsp;163. Voir \u00e9galement J.-M. Henckaerts et L. Doswald-Beck, <em>Droit international humanitaire coutumier<\/em>, vol.&nbsp;1, R\u00e8gles, Bruxelles, Bruylant, 2006, p.&nbsp;201 (explication de la R\u00e8gle 45).<\/p>\n\n\n\n<p><a href=\"#sdfootnote22anc\" id=\"sdfootnote22sym\">22<\/a> Principes 13 et 15 du projet de la CDI.<\/p>\n\n\n\n<p><a href=\"#sdfootnote23anc\" id=\"sdfootnote23sym\">23<\/a> N. Melzer, <em>op.&nbsp;cit.,<\/em> p.&nbsp;20.<\/p>\n\n\n\n<p><a href=\"#sdfootnote24anc\" id=\"sdfootnote24sym\">24<\/a> K. Mollard-Bannelier, <em>op.&nbsp;cit<\/em>., p.&nbsp;82.<\/p>\n\n\n\n<p class=\"has-text-align-justify\"><a id=\"sdfootnote25sym\" href=\"#sdfootnote25anc\">25<\/a> CIJ, \u00ab\u00a0Lic\u00e9it\u00e9 de la menace ou de l\u2019emploi d\u2019armes nucl\u00e9aires\u00a0\u00bb, Avis consultatif du 8\u00a0juillet 1996, <em>CIJ Recueil<\/em> 1996, \u00a7\u00a078\u00a0; D. Momtaz, \u00ab\u00a0Le recours \u00e0 l\u2019arme nucl\u00e9aire et la protection de l\u2019environnement\u00a0: l\u2019apport de la Cour internationale de Justice\u00a0\u00bb, in L. Boisson De Chazournes et P.\u00a0Sands (\u00e9d.), <em>International Law, the International Court of Justice and Nuclear Weapons<\/em>, Cambridge, Cambridge University Press, 1999, p.\u00a0373. Voir aussi le Principe 14 du projet de la CDI.<\/p>\n\n\n\n<p class=\"has-text-align-justify\"><a href=\"#sdfootnote26anc\" id=\"sdfootnote26sym\">26<\/a> PNUE, <em>The Kosovo conflict: consequences for the environment and human settlements<\/em>, 1999, p.&nbsp;10.<\/p>\n\n\n\n<p class=\"has-text-align-justify\"><a href=\"#sdfootnote27anc\" id=\"sdfootnote27sym\">27<\/a> CICR, <em>Directives sur la protection de l\u2019environnement naturel en p\u00e9riode de conflit arm\u00e9&nbsp;: r\u00e8gles et recommandations relatives \u00e0 la protection de l\u2019environnement naturel en droit international humanitaire<\/em>, Gen\u00e8ve, 2020.<\/p>\n\n\n\n<p class=\"has-text-align-justify\"><a href=\"#sdfootnote28anc\" id=\"sdfootnote28sym\">28<\/a> CDI, Rapport de sa cinquante-huiti\u00e8me session, A\/61\/10, 2006, p.&nbsp;431.<\/p>\n\n\n\n<p class=\"has-text-align-justify\"><a href=\"#sdfootnote29anc\" id=\"sdfootnote29sym\">29<\/a> En ce sens, voir PNUE, <em>Environmental Rule of Law: First Global Report<\/em>, 2019.<\/p>\n\n\n\n<p class=\"has-text-align-justify\"><a href=\"#sdfootnote30anc\" id=\"sdfootnote30sym\">30<\/a> AGNU, Rapport pr\u00e9liminaire sur la protection de l\u2019environnement en rapport avec les conflits arm\u00e9s, \u00e9tabli par M. G. Jacobson, Rapporteuse sp\u00e9ciale, A\/CN.4\/674, 30 Mai 2014, \u00a7&nbsp;58, p.&nbsp;17.<\/p>\n\n\n\n<p class=\"has-text-align-justify\"><a href=\"#sdfootnote31anc\" id=\"sdfootnote31sym\">31<\/a> Le principe 18 qui figure dans la troisi\u00e8me partie du projet de la CDI, constitue le pendant du principe 4 pendant un conflit arm\u00e9.<\/p>\n\n\n\n<p><a href=\"#sdfootnote32anc\" id=\"sdfootnote32sym\">32<\/a> CDI, Rapport de sa soixante-treizi\u00e8me session, <em>op.&nbsp;cit<\/em>., p.&nbsp;186.<\/p>\n\n\n\n<p class=\"has-text-align-justify\"><a href=\"#sdfootnote33anc\" id=\"sdfootnote33sym\">33<\/a> Par ex. Cour europ\u00e9enne des droits de l\u2019homme, \u00ab&nbsp;Guerra et autres c. Italie&nbsp;\u00bb, arr\u00eat du 19&nbsp;f\u00e9vrier 1998, <em>Recueil des arr\u00eats et d\u00e9cisions<\/em>, 1998-I, \u00a7&nbsp;60.<\/p>\n\n\n\n<p class=\"has-text-align-justify\"><a href=\"#sdfootnote34anc\" id=\"sdfootnote34sym\">34<\/a> En ce sens, voir CIJ, \u00ab&nbsp;Activit\u00e9s arm\u00e9es sur le territoire du Congo&nbsp;\u00bb, arr\u00eat du 19&nbsp;d\u00e9cembre 2005, <em>CIJ Recueil<\/em> 2005, \u00a7&nbsp;246.<\/p>\n\n\n\n<p class=\"has-text-align-justify\"><a href=\"#sdfootnote35anc\" id=\"sdfootnote35sym\">35<\/a> CDI, Rapport de sa soixante-treizi\u00e8me session, <em>op.&nbsp;cit<\/em>., commentaire du principe 19, \u00a7&nbsp;3, p.&nbsp;169.<\/p>\n\n\n\n<p><a href=\"#sdfootnote36anc\" id=\"sdfootnote36sym\">36<\/a> <em>Op.&nbsp;cit.<\/em>, \u00a7&nbsp;30.<\/p>\n\n\n\n<p class=\"has-text-align-justify\"><a href=\"#sdfootnote37anc\" id=\"sdfootnote37sym\">37<\/a> A. Norodom et P. Lagrange, \u00ab&nbsp;Travaux de la Commission du droit international (soixante-septi\u00e8me session) et de la Sixi\u00e8me commission (soixante-dixi\u00e8me session)&nbsp;\u00bb, <em>AFDI<\/em>, 2015, p.&nbsp;345.<\/p>\n\n\n\n<p><a href=\"#sdfootnote38anc\" id=\"sdfootnote38sym\">38<\/a> Principe 16 du projet de la CDI.<\/p>\n\n\n\n<p class=\"has-text-align-justify\"><a href=\"#sdfootnote39anc\" id=\"sdfootnote39sym\">39<\/a> Statut de Rome, art. 8, \u00a7&nbsp;2 b) xvi) et e) v)&nbsp;; Protocole additionnel II relatif \u00e0 la protection des victimes des conflits arm\u00e9s non internationaux du 8&nbsp;juin 1977, Art. 4, \u00a7&nbsp;2 g).<\/p>\n\n\n\n<p class=\"has-text-align-justify\"><a href=\"#sdfootnote40anc\" id=\"sdfootnote40sym\">40<\/a> \u00ab&nbsp;Krupp and Others&nbsp;\u00bb, jugement du 30&nbsp;juin 1948, <em>Trials of War Criminals before the N\u00fcrnberg Military Tribunals<\/em>, vol.&nbsp;IX, p.&nbsp;1337 \u00e0 1372&nbsp;; \u00ab&nbsp;U.S.A. v. von Weizs\u00e4cker et al. (Ministries case)&nbsp;\u00bb, jugement du 11&nbsp;avril 1949, <em>Trials of War Criminals before the N\u00fcrnberg Military Tribunals<\/em>, vol.&nbsp;XIV, p.&nbsp;741.<\/p>\n\n\n\n<p class=\"has-text-align-justify\"><a href=\"#sdfootnote41anc\" id=\"sdfootnote41sym\">41<\/a> CIJ, \u00ab&nbsp;Certaines activit\u00e9s (Costa Rica c. Nicaragua)&nbsp;\u00bb, indemnisation, arr\u00eat du 2&nbsp;f\u00e9vrier 2018, <em>CIJ Recueil<\/em> 2018, \u00a7&nbsp;41.<\/p>\n\n\n\n<p class=\"has-text-align-justify\"><a href=\"#sdfootnote42anc\" id=\"sdfootnote42sym\">42<\/a> J. Dehaussy, \u00ab&nbsp;Travaux de la Commission du droit international des Nations Unies&nbsp;\u00bb, <em>AFDI<\/em>, vol.&nbsp;14, 1968, p.&nbsp;441.<\/p>\n\n\n\n<p><a href=\"#sdfootnote43anc\" id=\"sdfootnote43sym\">43<\/a> A.-T. Norodom et P. Lagrange, <em>op.&nbsp;cit<\/em>.<\/p>\n\n\n\n<p class=\"has-text-align-justify\"><a href=\"#sdfootnote44anc\" id=\"sdfootnote44sym\">44<\/a> AGNU, Troisi\u00e8me rapport sur la protection de l\u2019environnement en rapport avec les conflits arm\u00e9s, \u00e9tabli par M. G. Jacobson, Rapporteuse sp\u00e9ciale, A\/CN.4\/700, 2016, \u00a7&nbsp;51.<\/p>\n\n\n\n<p><a href=\"#sdfootnote45anc\" id=\"sdfootnote45sym\">45<\/a> Principe 15 du projet de la CDI.<\/p>\n\n\n\n<p><a href=\"#sdfootnote46anc\" id=\"sdfootnote46sym\">46<\/a> CDI, Rapport de sa soixante-treizi\u00e8me session, <em>op.&nbsp;cit<\/em>., commentaire du principe 10, \u00a7&nbsp;1, p.&nbsp;133.<\/p>\n\n\n\n<p class=\"has-text-align-justify\"><a href=\"#sdfootnote47anc\" id=\"sdfootnote47sym\">47<\/a> P. Ricard, \u00ab&nbsp;Les nouveaux \u201cprincipes\u201d de la Commission du droit international relatifs aux Entreprises et \u00e0 la protection de l\u2019environnement en temps de conflit arm\u00e9&nbsp;\u00bb, <em>Revue de droit des affaires internationales<\/em>, 2021.<\/p>\n\n\n\n<p class=\"has-text-align-justify\"><a href=\"#sdfootnote48anc\" id=\"sdfootnote48sym\">48<\/a> Comit\u00e9 des droits de l\u2019homme, Observations finales concernant le rapport de l\u2019Allemagne, CCPR\/C\/DEU\/CO\/6, 2012, \u00a7&nbsp;16. Voir \u00e9galement Comit\u00e9 des droits \u00e9conomiques, sociaux et culturels, observation g\u00e9n\u00e9rale n\u00b0 24 sur les obligations des \u00c9tats en vertu du Pacte international relatif aux droits \u00e9conomiques, sociaux et culturels dans le contexte des activit\u00e9s des entreprises, E\/C.12\/GC\/24, 2017, \u00a7&nbsp;30.<\/p>\n\n\n\n<p class=\"has-text-align-justify\"><a href=\"#sdfootnote49anc\" id=\"sdfootnote49sym\">49<\/a> CICR, Guide l\u00e9gislatif pour la r\u00e9glementation par les \u00c9tats des entreprises militaires et de s\u00e9curit\u00e9 priv\u00e9es, Gen\u00e8ve, 2016, p.&nbsp;53.<\/p>\n\n\n\n<p class=\"has-text-align-justify\"><a href=\"#sdfootnote50anc\" id=\"sdfootnote50sym\">50<\/a> A. Pellet, \u00ab&nbsp;\u201cLe bon droit\u201d et l\u2019ivraie \u2013 Plaidoyer pour l\u2019ivraie (Remarques sur quelques probl\u00e8mes de m\u00e9thode en droit international du d\u00e9veloppement)&nbsp;\u00bb, in <em>M\u00e9langes offerts \u00e0 Charles Chaumont, Le droit des peuples \u00e0 disposer d\u2019eux-m\u00eames \u2013 M\u00e9thodes d\u2019analyse du droit international<\/em>, Paris, Pedone, 1984, p.&nbsp;482.<\/p>\n\n\n\n<p><a href=\"#sdfootnote51anc\" id=\"sdfootnote51sym\">51<\/a> Principes 13 \u00a7&nbsp;3 et 14 du projet de la CDI.<\/p>\n\n\n\n<p><a href=\"#sdfootnote52anc\" id=\"sdfootnote52sym\">52<\/a> Principe 7 du projet de la CDI.<\/p>\n\n\n\n<p><a href=\"#sdfootnote53anc\" id=\"sdfootnote53sym\">53<\/a> Principes 4 et 18 du projet de la CDI.<\/p>\n\n\n\n<p><a href=\"#sdfootnote54anc\" id=\"sdfootnote54sym\">54<\/a> Principe 24 du projet de la CDI.<\/p>\n\n\n\n<p class=\"has-text-align-justify\"><a href=\"#sdfootnote55anc\" id=\"sdfootnote55sym\">55<\/a> AGNU, Rapport de la CDI sur sa soixante-sixi\u00e8me session, A\/69\/10, 2014, pp.&nbsp;263-264, \u00a7&nbsp;209.<\/p>\n\n\n\n<p class=\"has-text-align-justify\"><a href=\"#sdfootnote56anc\" id=\"sdfootnote56sym\">56<\/a> CIJ, \u00ab&nbsp;Usines de p\u00e2te \u00e0 papier sur le fleuve Uruguay (<em>Argentine c. Uruguay<\/em>)&nbsp;\u00bb, Arr\u00eat du 20&nbsp;avril 2010, <em>CIJ Recueil<\/em> 2010, \u00a7&nbsp;204.<\/p>\n\n\n\n<p><a href=\"#sdfootnote57anc\" id=\"sdfootnote57sym\">57<\/a> C. Dagnicourt, <em>op.&nbsp;cit.<\/em>, p.&nbsp;85.<\/p>\n\n\n\n<p class=\"has-text-align-justify\"><a id=\"sdfootnote58sym\" href=\"#sdfootnote58anc\">58<\/a> En ce sens, voir la R\u00e9solution XIV.20 adopt\u00e9e lors de la COP 14 de la Convention de Ramsar, \u00ab&nbsp;La r\u00e9ponse de la Convention de Ramsar \u00e0 l\u2019urgence environnementale en Ukraine li\u00e9e aux dommages caus\u00e9s aux zones humides d\u2019importance internationale du pays (Sites Ramsar) \u00e0 la suite de l\u2019agression de la F\u00e9d\u00e9ration de Russie&nbsp;\u00bb. C. Touzot-Fadel, \u00ab&nbsp;La protection de l\u2019environnement en temps de conflits arm\u00e9s et les atteintes d\u00e9lib\u00e9r\u00e9es \u00e0 l\u2019environnement&nbsp;\u00bb, <em>Agression de l\u2019Ukraine par la Russie&nbsp;: cons\u00e9quences pour l\u2019environnement<\/em>, colloque organis\u00e9 par l\u2019Universit\u00e9 de La&nbsp;Rochelle, 1<sup>er<\/sup> d\u00e9cembre 2022.<\/p>\n\n\n\n<p><a href=\"#sdfootnote59anc\" id=\"sdfootnote59sym\">59<\/a> Principe 23 du projet de la CDI.<\/p>\n\n\n\n<p class=\"has-text-align-justify\"><a href=\"#sdfootnote60anc\" id=\"sdfootnote60sym\">60<\/a> UNEP, <em>The Environmental Impact of the Conflict in Ukraine, A Preliminary Review<\/em>, 2022.<\/p>\n\n\n\n<p class=\"has-text-align-justify\"><a href=\"#sdfootnote61anc\" id=\"sdfootnote61sym\">61<\/a> Par exemple la plateforme en ligne \u00ab&nbsp;SaveEcoBot&nbsp;\u00bb permet aux utilisateurs de signaler des cas de dommages environnementaux. La plateforme \u00ab&nbsp;Ecodozor&nbsp;\u00bb, d\u00e9velopp\u00e9e par l\u2019ONG Suisse \u00ab&nbsp;Zo\u00ef Environment Network&nbsp;\u00bb en collaboration avec le PNUE, l\u2019OSCE et REACH a enregistr\u00e9 plus de 29&nbsp;000&nbsp;cas de dommages ou de perturbations \u00e0 l\u2019environnement dus \u00e0 des activit\u00e9s militaires entre f\u00e9vrier et d\u00e9cembre 2022. La plateforme \u00ab&nbsp;EcoZagroza&nbsp;\u00bb du minist\u00e8re ukrainien de l\u2019environnement recense quant \u00e0 elle les \u00ab&nbsp;crimes environnementaux&nbsp;\u00bb commis par \u00ab&nbsp;les occupants de la F\u00e9d\u00e9ration de Russie&nbsp;\u00bb sur la base de rapports transmis par des citoyens ukrainiens, d\u2019experts, d\u2019ONG et d\u2019autres parties prenantes.<\/p>\n\n\n\n<p class=\"has-text-align-justify\"><a href=\"#sdfootnote62anc\" id=\"sdfootnote62sym\">62<\/a> A.-H. Dorsouma, <em>L\u2019\u00e9valuation environnementale comme outil de pr\u00e9vention et d\u2019att\u00e9nuation des impacts des conflits arm\u00e9s sur l\u2019environnement<\/em>, M\u00e9moire pr\u00e9sent\u00e9 en avril 2005 pour l\u2019obtention du Dipl\u00f4me d\u2019\u00e9tudes professionnelles approfondies (DEPA) de l\u2019Universit\u00e9 internationale de langue fran\u00e7aise au service du d\u00e9veloppement africain, p.&nbsp;56.<\/p>\n\n\n\n<p class=\"has-text-align-justify\"><a href=\"#sdfootnote63anc\" id=\"sdfootnote63sym\">63<\/a> Initiative on GHG accounting of war, <em>Climate damage caused by Russia\u2019s war in Ukraine<\/em>, 2022.<\/p>\n\n\n\n<p class=\"has-text-align-justify\"><a href=\"#sdfootnote64anc\" id=\"sdfootnote64sym\">64<\/a> Au cours de la 27<sup>e<\/sup> Conf\u00e9rence des parties \u00e0 la Convention-cadre des Nations Unies sur les changements climatiques, le pr\u00e9sident Zelensky a ainsi demand\u00e9 la cr\u00e9ation d\u2019une plateforme mondiale pour \u00e9valuer l\u2019impact des actions militaires sur le climat et l\u2019environnement.<\/p>\n\n\n\n<hr class=\"wp-block-separator has-alpha-channel-opacity\"\/>\n\n\n\n<div class=\"wp-block-file\"><a id=\"wp-block-file--media-48b9c87f-10dd-4b5e-87f7-0511edbdb2b8\" href=\"https:\/\/confluencedesdroits-larevue.com\/wp-content\/uploads\/2023\/12\/Droit-environnement-et-guerre_A.-S.-Tabau_S.-Kabore-12-23.pdf\">Droit-environnement-et-guerre_A.-S.-Tabau_S.-Kabore-12-23<\/a><a href=\"https:\/\/confluencedesdroits-larevue.com\/wp-content\/uploads\/2023\/12\/Droit-environnement-et-guerre_A.-S.-Tabau_S.-Kabore-12-23.pdf\" class=\"wp-block-file__button wp-element-button\" download aria-describedby=\"wp-block-file--media-48b9c87f-10dd-4b5e-87f7-0511edbdb2b8\"><\/a><\/div>\n\n\n\n<p class=\"has-text-align-justify has-background has-small-font-size\" style=\"background-color:#ededed\"> Anne-Sophie Tabau, Sayouba Kabor\u00e9, \u00ab&nbsp;La protection de l\u2019environnement en rapport avec les conflits arm\u00e9s \u00e0 l\u2019aune du projet de principes de la Commission du droit international&nbsp;\u00bb, Le retour de la guerre [Dossier], <em>Confluence des droits_La&nbsp;revue<\/em> [En&nbsp;ligne], 12&nbsp;|&nbsp;2023, mis en ligne le 17 d\u00e9cembre 2023.<br>URL&nbsp;: <a href=\"https:\/\/confluencedesdroits-larevue.com\/?p=2521\">https:\/\/confluencedesdroits-larevue.com\/?p=2521<\/a>.<\/p>\n","protected":false},"excerpt":{"rendered":"<p>Anne-Sophie Tabau, Professeur, Univ Pau &#038; Pays Adour, Aix Marseille Univ, Universit\u00e9 de Toulon, CNRS, DICE, IE2IA, Pau, France | Sayouba Kabor\u00e9, Dipl\u00f4m\u00e9 du master 2 droit de l\u2019environnement, Aix-Marseille Universit\u00e91<\/p>\n","protected":false},"author":2,"featured_media":3195,"comment_status":"closed","ping_status":"open","sticky":false,"template":"","format":"standard","meta":{"_editorskit_title_hidden":false,"_editorskit_reading_time":0,"_editorskit_is_block_options_detached":false,"_editorskit_block_options_position":"{}","footnotes":""},"categories":[5,3,13],"tags":[79,80,77,78,81],"yoast_head":"<!-- This site is optimized with the Yoast SEO plugin v21.0 - https:\/\/yoast.com\/wordpress\/plugins\/seo\/ -->\n<title>Anne-Sophie Tabau, Sayouba Kabor\u00e9 \u2013 La protection de\u00a0l\u2019environnement en rapport avec les conflits arm\u00e9s \u00e0 l\u2019aune du\u00a0projet de\u00a0principes de la Commission du\u00a0droit international - Confluence des droits_La revue<\/title>\n<meta name=\"robots\" content=\"index, follow, max-snippet:-1, max-image-preview:large, max-video-preview:-1\" \/>\n<link rel=\"canonical\" href=\"https:\/\/confluencedesdroits-larevue.com\/?p=2521\" \/>\n<meta property=\"og:locale\" content=\"fr_FR\" \/>\n<meta property=\"og:type\" content=\"article\" \/>\n<meta property=\"og:title\" content=\"Anne-Sophie Tabau, Sayouba Kabor\u00e9 \u2013 La protection de\u00a0l\u2019environnement en rapport avec les conflits arm\u00e9s \u00e0 l\u2019aune du\u00a0projet de\u00a0principes de la Commission du\u00a0droit international - Confluence des droits_La revue\" \/>\n<meta property=\"og:description\" content=\"Anne-Sophie Tabau, Professeur, Univ Pau &amp; Pays Adour, Aix Marseille Univ, Universit\u00e9 de Toulon, CNRS, DICE, IE2IA, Pau, France | Sayouba Kabor\u00e9, Dipl\u00f4m\u00e9 du master 2 droit de l\u2019environnement, Aix-Marseille Universit\u00e91\" \/>\n<meta property=\"og:url\" content=\"https:\/\/confluencedesdroits-larevue.com\/?p=2521\" \/>\n<meta property=\"og:site_name\" content=\"Confluence des droits_La revue\" \/>\n<meta property=\"article:published_time\" content=\"2024-01-15T17:57:26+00:00\" \/>\n<meta property=\"article:modified_time\" content=\"2025-04-09T14:26:47+00:00\" \/>\n<meta property=\"og:image\" content=\"https:\/\/confluencedesdroits-larevue.com\/wp-content\/uploads\/2024\/01\/LeRetourdelaGuerre_09-1024x768.jpg\" \/>\n\t<meta property=\"og:image:width\" content=\"1024\" \/>\n\t<meta property=\"og:image:height\" content=\"768\" \/>\n\t<meta property=\"og:image:type\" content=\"image\/jpeg\" \/>\n<meta name=\"author\" content=\"DICE \u00c9ditions\" \/>\n<meta name=\"twitter:card\" content=\"summary_large_image\" \/>\n<meta name=\"twitter:label1\" content=\"\u00c9crit par\" \/>\n\t<meta name=\"twitter:data1\" content=\"DICE \u00c9ditions\" \/>\n\t<meta name=\"twitter:label2\" content=\"Dur\u00e9e de lecture estim\u00e9e\" \/>\n\t<meta name=\"twitter:data2\" content=\"26 minutes\" \/>\n<script type=\"application\/ld+json\" class=\"yoast-schema-graph\">{\"@context\":\"https:\/\/schema.org\",\"@graph\":[{\"@type\":\"Article\",\"@id\":\"https:\/\/confluencedesdroits-larevue.com\/?p=2521#article\",\"isPartOf\":{\"@id\":\"https:\/\/confluencedesdroits-larevue.com\/?p=2521\"},\"author\":{\"name\":\"DICE \u00c9ditions\",\"@id\":\"https:\/\/confluencedesdroits-larevue.com\/#\/schema\/person\/5c2bef570684d183d7f5a81e4107304c\"},\"headline\":\"Anne-Sophie Tabau, Sayouba Kabor\u00e9 \u2013 La protection de\u00a0l\u2019environnement en rapport avec les conflits arm\u00e9s \u00e0 l\u2019aune du\u00a0projet de\u00a0principes de la Commission du\u00a0droit international\",\"datePublished\":\"2024-01-15T17:57:26+00:00\",\"dateModified\":\"2025-04-09T14:26:47+00:00\",\"mainEntityOfPage\":{\"@id\":\"https:\/\/confluencedesdroits-larevue.com\/?p=2521\"},\"wordCount\":5700,\"publisher\":{\"@id\":\"https:\/\/confluencedesdroits-larevue.com\/#organization\"},\"keywords\":[\"conflits arm\u00e9s\",\"environnement\",\"pr\u00e9vention\",\"protection\",\"r\u00e9paration\"],\"articleSection\":[\"Actu\",\"Articles\",\"Dossier\"],\"inLanguage\":\"fr-FR\"},{\"@type\":\"WebPage\",\"@id\":\"https:\/\/confluencedesdroits-larevue.com\/?p=2521\",\"url\":\"https:\/\/confluencedesdroits-larevue.com\/?p=2521\",\"name\":\"Anne-Sophie Tabau, Sayouba Kabor\u00e9 \u2013 La protection de\u00a0l\u2019environnement en rapport avec les conflits arm\u00e9s \u00e0 l\u2019aune du\u00a0projet de\u00a0principes de la Commission du\u00a0droit international - Confluence des droits_La revue\",\"isPartOf\":{\"@id\":\"https:\/\/confluencedesdroits-larevue.com\/#website\"},\"datePublished\":\"2024-01-15T17:57:26+00:00\",\"dateModified\":\"2025-04-09T14:26:47+00:00\",\"breadcrumb\":{\"@id\":\"https:\/\/confluencedesdroits-larevue.com\/?p=2521#breadcrumb\"},\"inLanguage\":\"fr-FR\",\"potentialAction\":[{\"@type\":\"ReadAction\",\"target\":[\"https:\/\/confluencedesdroits-larevue.com\/?p=2521\"]}]},{\"@type\":\"BreadcrumbList\",\"@id\":\"https:\/\/confluencedesdroits-larevue.com\/?p=2521#breadcrumb\",\"itemListElement\":[{\"@type\":\"ListItem\",\"position\":1,\"name\":\"Accueil\",\"item\":\"https:\/\/confluencedesdroits-larevue.com\/\"},{\"@type\":\"ListItem\",\"position\":2,\"name\":\"Anne-Sophie Tabau, Sayouba Kabor\u00e9 \u2013 La protection de\u00a0l\u2019environnement en rapport avec les conflits arm\u00e9s \u00e0 l\u2019aune du\u00a0projet de\u00a0principes de la Commission du\u00a0droit international\"}]},{\"@type\":\"WebSite\",\"@id\":\"https:\/\/confluencedesdroits-larevue.com\/#website\",\"url\":\"https:\/\/confluencedesdroits-larevue.com\/\",\"name\":\"Confluence des droits_La revue\",\"description\":\"UMR 7318 Droits International, Compar\u00e9 et Europ\u00e9en\",\"publisher\":{\"@id\":\"https:\/\/confluencedesdroits-larevue.com\/#organization\"},\"potentialAction\":[{\"@type\":\"SearchAction\",\"target\":{\"@type\":\"EntryPoint\",\"urlTemplate\":\"https:\/\/confluencedesdroits-larevue.com\/?s={search_term_string}\"},\"query-input\":\"required name=search_term_string\"}],\"inLanguage\":\"fr-FR\"},{\"@type\":\"Organization\",\"@id\":\"https:\/\/confluencedesdroits-larevue.com\/#organization\",\"name\":\"Confluence des droits_La revue\",\"url\":\"https:\/\/confluencedesdroits-larevue.com\/\",\"logo\":{\"@type\":\"ImageObject\",\"inLanguage\":\"fr-FR\",\"@id\":\"https:\/\/confluencedesdroits-larevue.com\/#\/schema\/logo\/image\/\",\"url\":\"https:\/\/confluencedesdroits-larevue.com\/wp-content\/uploads\/2024\/05\/Confluence-des-droits_La-revue.png\",\"contentUrl\":\"https:\/\/confluencedesdroits-larevue.com\/wp-content\/uploads\/2024\/05\/Confluence-des-droits_La-revue.png\",\"width\":3934,\"height\":613,\"caption\":\"Confluence des droits_La revue\"},\"image\":{\"@id\":\"https:\/\/confluencedesdroits-larevue.com\/#\/schema\/logo\/image\/\"}},{\"@type\":\"Person\",\"@id\":\"https:\/\/confluencedesdroits-larevue.com\/#\/schema\/person\/5c2bef570684d183d7f5a81e4107304c\",\"name\":\"DICE \u00c9ditions\",\"image\":{\"@type\":\"ImageObject\",\"inLanguage\":\"fr-FR\",\"@id\":\"https:\/\/confluencedesdroits-larevue.com\/#\/schema\/person\/image\/\",\"url\":\"https:\/\/secure.gravatar.com\/avatar\/c7dfd2401bef8b8be87ab2a215ca0435?s=96&d=mm&r=g\",\"contentUrl\":\"https:\/\/secure.gravatar.com\/avatar\/c7dfd2401bef8b8be87ab2a215ca0435?s=96&d=mm&r=g\",\"caption\":\"DICE \u00c9ditions\"},\"url\":\"https:\/\/confluencedesdroits-larevue.com\/?author=2\"}]}<\/script>\n<!-- \/ Yoast SEO plugin. -->","yoast_head_json":{"title":"Anne-Sophie Tabau, Sayouba Kabor\u00e9 \u2013 La protection de\u00a0l\u2019environnement en rapport avec les conflits arm\u00e9s \u00e0 l\u2019aune du\u00a0projet de\u00a0principes de la Commission du\u00a0droit international - Confluence des droits_La revue","robots":{"index":"index","follow":"follow","max-snippet":"max-snippet:-1","max-image-preview":"max-image-preview:large","max-video-preview":"max-video-preview:-1"},"canonical":"https:\/\/confluencedesdroits-larevue.com\/?p=2521","og_locale":"fr_FR","og_type":"article","og_title":"Anne-Sophie Tabau, Sayouba Kabor\u00e9 \u2013 La protection de\u00a0l\u2019environnement en rapport avec les conflits arm\u00e9s \u00e0 l\u2019aune du\u00a0projet de\u00a0principes de la Commission du\u00a0droit international - Confluence des droits_La revue","og_description":"Anne-Sophie Tabau, Professeur, Univ Pau & Pays Adour, Aix Marseille Univ, Universit\u00e9 de Toulon, CNRS, DICE, IE2IA, Pau, France | Sayouba Kabor\u00e9, Dipl\u00f4m\u00e9 du master 2 droit de l\u2019environnement, Aix-Marseille Universit\u00e91","og_url":"https:\/\/confluencedesdroits-larevue.com\/?p=2521","og_site_name":"Confluence des droits_La revue","article_published_time":"2024-01-15T17:57:26+00:00","article_modified_time":"2025-04-09T14:26:47+00:00","og_image":[{"width":1024,"height":768,"url":"https:\/\/confluencedesdroits-larevue.com\/wp-content\/uploads\/2024\/01\/LeRetourdelaGuerre_09-1024x768.jpg","type":"image\/jpeg"}],"author":"DICE \u00c9ditions","twitter_card":"summary_large_image","twitter_misc":{"\u00c9crit par":"DICE \u00c9ditions","Dur\u00e9e de lecture estim\u00e9e":"26 minutes"},"schema":{"@context":"https:\/\/schema.org","@graph":[{"@type":"Article","@id":"https:\/\/confluencedesdroits-larevue.com\/?p=2521#article","isPartOf":{"@id":"https:\/\/confluencedesdroits-larevue.com\/?p=2521"},"author":{"name":"DICE \u00c9ditions","@id":"https:\/\/confluencedesdroits-larevue.com\/#\/schema\/person\/5c2bef570684d183d7f5a81e4107304c"},"headline":"Anne-Sophie Tabau, Sayouba Kabor\u00e9 \u2013 La protection de\u00a0l\u2019environnement en rapport avec les conflits arm\u00e9s \u00e0 l\u2019aune du\u00a0projet de\u00a0principes de la Commission du\u00a0droit international","datePublished":"2024-01-15T17:57:26+00:00","dateModified":"2025-04-09T14:26:47+00:00","mainEntityOfPage":{"@id":"https:\/\/confluencedesdroits-larevue.com\/?p=2521"},"wordCount":5700,"publisher":{"@id":"https:\/\/confluencedesdroits-larevue.com\/#organization"},"keywords":["conflits arm\u00e9s","environnement","pr\u00e9vention","protection","r\u00e9paration"],"articleSection":["Actu","Articles","Dossier"],"inLanguage":"fr-FR"},{"@type":"WebPage","@id":"https:\/\/confluencedesdroits-larevue.com\/?p=2521","url":"https:\/\/confluencedesdroits-larevue.com\/?p=2521","name":"Anne-Sophie Tabau, Sayouba Kabor\u00e9 \u2013 La protection de\u00a0l\u2019environnement en rapport avec les conflits arm\u00e9s \u00e0 l\u2019aune du\u00a0projet de\u00a0principes de la Commission du\u00a0droit international - Confluence des droits_La revue","isPartOf":{"@id":"https:\/\/confluencedesdroits-larevue.com\/#website"},"datePublished":"2024-01-15T17:57:26+00:00","dateModified":"2025-04-09T14:26:47+00:00","breadcrumb":{"@id":"https:\/\/confluencedesdroits-larevue.com\/?p=2521#breadcrumb"},"inLanguage":"fr-FR","potentialAction":[{"@type":"ReadAction","target":["https:\/\/confluencedesdroits-larevue.com\/?p=2521"]}]},{"@type":"BreadcrumbList","@id":"https:\/\/confluencedesdroits-larevue.com\/?p=2521#breadcrumb","itemListElement":[{"@type":"ListItem","position":1,"name":"Accueil","item":"https:\/\/confluencedesdroits-larevue.com\/"},{"@type":"ListItem","position":2,"name":"Anne-Sophie Tabau, Sayouba Kabor\u00e9 \u2013 La protection de\u00a0l\u2019environnement en rapport avec les conflits arm\u00e9s \u00e0 l\u2019aune du\u00a0projet de\u00a0principes de la Commission du\u00a0droit international"}]},{"@type":"WebSite","@id":"https:\/\/confluencedesdroits-larevue.com\/#website","url":"https:\/\/confluencedesdroits-larevue.com\/","name":"Confluence des droits_La revue","description":"UMR 7318 Droits International, Compar\u00e9 et Europ\u00e9en","publisher":{"@id":"https:\/\/confluencedesdroits-larevue.com\/#organization"},"potentialAction":[{"@type":"SearchAction","target":{"@type":"EntryPoint","urlTemplate":"https:\/\/confluencedesdroits-larevue.com\/?s={search_term_string}"},"query-input":"required name=search_term_string"}],"inLanguage":"fr-FR"},{"@type":"Organization","@id":"https:\/\/confluencedesdroits-larevue.com\/#organization","name":"Confluence des droits_La revue","url":"https:\/\/confluencedesdroits-larevue.com\/","logo":{"@type":"ImageObject","inLanguage":"fr-FR","@id":"https:\/\/confluencedesdroits-larevue.com\/#\/schema\/logo\/image\/","url":"https:\/\/confluencedesdroits-larevue.com\/wp-content\/uploads\/2024\/05\/Confluence-des-droits_La-revue.png","contentUrl":"https:\/\/confluencedesdroits-larevue.com\/wp-content\/uploads\/2024\/05\/Confluence-des-droits_La-revue.png","width":3934,"height":613,"caption":"Confluence des droits_La revue"},"image":{"@id":"https:\/\/confluencedesdroits-larevue.com\/#\/schema\/logo\/image\/"}},{"@type":"Person","@id":"https:\/\/confluencedesdroits-larevue.com\/#\/schema\/person\/5c2bef570684d183d7f5a81e4107304c","name":"DICE \u00c9ditions","image":{"@type":"ImageObject","inLanguage":"fr-FR","@id":"https:\/\/confluencedesdroits-larevue.com\/#\/schema\/person\/image\/","url":"https:\/\/secure.gravatar.com\/avatar\/c7dfd2401bef8b8be87ab2a215ca0435?s=96&d=mm&r=g","contentUrl":"https:\/\/secure.gravatar.com\/avatar\/c7dfd2401bef8b8be87ab2a215ca0435?s=96&d=mm&r=g","caption":"DICE \u00c9ditions"},"url":"https:\/\/confluencedesdroits-larevue.com\/?author=2"}]}},"post_mailing_queue_ids":[],"_links":{"self":[{"href":"https:\/\/confluencedesdroits-larevue.com\/index.php?rest_route=\/wp\/v2\/posts\/2521"}],"collection":[{"href":"https:\/\/confluencedesdroits-larevue.com\/index.php?rest_route=\/wp\/v2\/posts"}],"about":[{"href":"https:\/\/confluencedesdroits-larevue.com\/index.php?rest_route=\/wp\/v2\/types\/post"}],"author":[{"embeddable":true,"href":"https:\/\/confluencedesdroits-larevue.com\/index.php?rest_route=\/wp\/v2\/users\/2"}],"replies":[{"embeddable":true,"href":"https:\/\/confluencedesdroits-larevue.com\/index.php?rest_route=%2Fwp%2Fv2%2Fcomments&post=2521"}],"version-history":[{"count":21,"href":"https:\/\/confluencedesdroits-larevue.com\/index.php?rest_route=\/wp\/v2\/posts\/2521\/revisions"}],"predecessor-version":[{"id":4146,"href":"https:\/\/confluencedesdroits-larevue.com\/index.php?rest_route=\/wp\/v2\/posts\/2521\/revisions\/4146"}],"wp:featuredmedia":[{"embeddable":true,"href":"https:\/\/confluencedesdroits-larevue.com\/index.php?rest_route=\/wp\/v2\/media\/3195"}],"wp:attachment":[{"href":"https:\/\/confluencedesdroits-larevue.com\/index.php?rest_route=%2Fwp%2Fv2%2Fmedia&parent=2521"}],"wp:term":[{"taxonomy":"category","embeddable":true,"href":"https:\/\/confluencedesdroits-larevue.com\/index.php?rest_route=%2Fwp%2Fv2%2Fcategories&post=2521"},{"taxonomy":"post_tag","embeddable":true,"href":"https:\/\/confluencedesdroits-larevue.com\/index.php?rest_route=%2Fwp%2Fv2%2Ftags&post=2521"}],"curies":[{"name":"wp","href":"https:\/\/api.w.org\/{rel}","templated":true}]}}