{"id":2075,"date":"2022-12-16T10:00:08","date_gmt":"2022-12-16T09:00:08","guid":{"rendered":"https:\/\/confluencedesdroits-larevue.com\/?p=2075"},"modified":"2022-12-16T10:33:25","modified_gmt":"2022-12-16T09:33:25","slug":"p-ricard-avant-propos","status":"publish","type":"post","link":"https:\/\/confluencedesdroits-larevue.com\/?p=2075","title":{"rendered":"J.-F. Ghiglione &#8211; Entretien &#8211; Pollutions plastiques : quelles solutions ?"},"content":{"rendered":"\n<figure class=\"wp-block-image size-large is-style-default\"><img decoding=\"async\" loading=\"lazy\" width=\"25\" height=\"25\" src=\"http:\/\/confluencedesdroits-larevue.com\/wp-content\/uploads\/2019\/12\/espaceblanc25.jpg\" alt=\"\" class=\"wp-image-325\"\/><\/figure>\n\n\n\n<div class=\"wp-block-media-text alignwide has-background\" style=\"background-color:#edf7fb;grid-template-columns:18% auto\"><figure class=\"wp-block-media-text__media\"><img decoding=\"async\" loading=\"lazy\" width=\"512\" height=\"512\" src=\"https:\/\/confluencedesdroits-larevue.com\/wp-content\/uploads\/2022\/12\/Jean-Francois-Ghiglione-2.jpg\" alt=\"\" class=\"wp-image-2079 size-full\" srcset=\"https:\/\/confluencedesdroits-larevue.com\/wp-content\/uploads\/2022\/12\/Jean-Francois-Ghiglione-2.jpg 512w, https:\/\/confluencedesdroits-larevue.com\/wp-content\/uploads\/2022\/12\/Jean-Francois-Ghiglione-2-300x300.jpg 300w, https:\/\/confluencedesdroits-larevue.com\/wp-content\/uploads\/2022\/12\/Jean-Francois-Ghiglione-2-150x150.jpg 150w\" sizes=\"(max-width: 512px) 100vw, 512px\" \/><\/figure><div class=\"wp-block-media-text__content\">\n<p class=\"has-text-align-center has-background has-normal-font-size\" style=\"background-color:#008cb4\"><span class=\"color\" style=\"color:#eeeeee\"><em><strong>Jean-Fran\u00e7ois Ghiglione, Directeur de recherche CNRS, Laboratoire d&rsquo;Oc\u00e9anographie Microbienne (LOMIC) UMR7621, Banyuls-sur-mer. Directeur scientifique des exp\u00e9ditions de la Fondation Tara sur les micro-plastiques. Co-fondateur de la soci\u00e9t\u00e9 Plastic@Sea<\/strong><\/em><\/span><\/p>\n<\/div><\/div>\n\n\n\n<div class=\"wp-block-group is-layout-flow wp-block-group-is-layout-flow\"><div class=\"wp-block-group__inner-container\">\n<figure class=\"wp-block-image size-large\"><img decoding=\"async\" loading=\"lazy\" width=\"25\" height=\"25\" src=\"http:\/\/confluencedesdroits-larevue.com\/wp-content\/uploads\/2019\/12\/espaceblanc25.jpg\" alt=\"\" class=\"wp-image-325\"\/><\/figure>\n\n\n\n<div class=\"wp-block-file\"><a href=\"https:\/\/confluencedesdroits-larevue.com\/wp-content\/uploads\/2022\/12\/Entretien-J.-F.-Ghiglione-12-22.pdf\" target=\"_blank\" rel=\"noreferrer noopener\">Entretien-J.-F.-Ghiglione-12-22<\/a><a href=\"https:\/\/confluencedesdroits-larevue.com\/wp-content\/uploads\/2022\/12\/Entretien-J.-F.-Ghiglione-12-22.pdf\" class=\"wp-block-file__button\" download>T\u00e9l\u00e9charger<\/a><\/div>\n\n\n\n<p><\/p>\n<\/div><\/div>\n\n\n\n<p><strong>En quoi consistent vos recherches actuelles et vos travaux sur la question de la pollution plastique des oc\u00e9ans\u2009?<\/strong><\/p>\n\n\n\n<p class=\"has-background\" style=\"background-color:#edf7fb\">Nous travaillons actuellement sur la quantification et la caract\u00e9risation des plastiques, mais aussi sur les microorganismes qui vivent \u00e0 leur surface, qu\u2019on a appel\u00e9s la \u2018plastisph\u00e8re\u2019. Nous avons montr\u00e9 que cette plastisph\u00e8re est compos\u00e9e d\u2019une grande diversit\u00e9 de microorganismes qui sont tr\u00e8s diff\u00e9rents de ceux qui vivent dans l\u2019eau de mer, y compris les microorganismes attach\u00e9s aux particules organiques naturelles. Sont-ils pathog\u00e8nes\u2009? Sont-ils impliqu\u00e9s dans la biod\u00e9gradation des microplastiques\u2009? Ce sont les questions que nous explorons actuellement.<\/p>\n\n\n\n<p><strong>Qu\u2019a permis de r\u00e9v\u00e9ler l\u2019exp\u00e9dition de la Fondation Tara que vous avez dirig\u00e9e sur les micro-plastiques\u2009? La pollution invisible des oc\u00e9ans par les micro-plastiques n\u2019est-elle pas encore plus importante, n\u00e9faste et d\u00e9licate \u00e0 appr\u00e9hender que la pollution par les macro-d\u00e9chets\u2009?<\/strong><\/p>\n\n\n\n<p class=\"has-background\" style=\"background-color:#edf7fb\">La mission Microplastiques 2019 soutenue par la fondation Tara Oc\u00e9an a \u00e9t\u00e9 d\u00e9ploy\u00e9e sur 9 des plus grands fleuves europ\u00e9ens (Tamise, Rhin, Seine, Loire, Garonne, Ebre, Elbe, Tibre, Rh\u00f4ne). \u00c0 chacun des \u00e9chantillonnages r\u00e9alis\u00e9s en mer, \u00e0 l\u2019embouchure et au-dessus ou en-dessous d\u2019une grande ville, nous avons trouv\u00e9 du plastique. 100&nbsp;% des \u00e9chantillonnages en contenaient. Et parmi ces plastiques, nous avons trouv\u00e9 que les microplastiques (de taille &lt;5mm) \u00e9taient largement majoritaires. Ce r\u00e9sultat majeur indique que le nettoyage des fleuves ne permettrait pas d\u2019\u00e9liminer les plastiques, puisque la plupart sont de trop petite taille pour \u00eatre collect\u00e9s.<\/p>\n\n\n\n<p><strong>D\u2019o\u00f9 viennent principalement les d\u00e9chets plastiques et micro-plastiques qui se retrouvent dans les oc\u00e9ans\u2009? Dans quelle mesure ces derniers se transforment-ils au contact de l\u2019eau et du soleil, et repr\u00e9sentent-ils un danger latent pour la faune et la flore marines ainsi que pour l\u2019homme\u2009?<\/strong><\/p>\n\n\n\n<p class=\"has-background\" style=\"background-color:#edf7fb\">On estime que 80\u00a0% des plastiques viennent du continent. Et les r\u00e9sultats de la mission Microplastiques 2019 indiquent qu\u2019ils sont en grande majorit\u00e9 sous forme de microplastiques. Ces microplastiques proviennent essentiellement de la fragmentation des d\u00e9chets, qui s\u2019op\u00e8re sous l\u2019action de l\u2019abrasion et des ultraviolets. Le temps de vie des plastiques \u00e9tant de plusieurs dizaines d\u2019ann\u00e9es, les d\u00e9chets ont le temps de se transformer en microplastiques avant d\u2019arriver en mer. La compr\u00e9hension de ces processus de fragmentation est un des enjeux du projet. <br>Aujourd\u2019hui, on consid\u00e8re que tous les \u00e9chelons de la cha\u00eene alimentaire ing\u00e8rent des plastiques. Plus de 400\u2009000 mammif\u00e8res marins et 1,4 million d\u2019oiseaux marins meurent de l\u2019ingestion de plastique chaque ann\u00e9e. Et la moiti\u00e9 des organismes marins qui ing\u00e8rent des plastiques font partie de l\u2019alimentation humaine.<\/p>\n\n\n\n<p><strong>Certains scientifiques affirment que les prochaines pand\u00e9mies pourraient provenir de cette pollution plastique, pensez-vous que ce soit possible\u2009?<\/strong><\/p>\n\n\n\n<p class=\"has-background\" style=\"background-color:#edf7fb\">Nous avons trouv\u00e9 jusqu\u2019\u00e0 pr\u00e9sent des bact\u00e9ries potentiellement pathog\u00e8nes d\u2019animaux qui peuvent constituer une bonne proportion des microorganismes qui vivent sur les plastiques. Mais leur pathog\u00e9nicit\u00e9 n\u2019a encore jamais \u00e9t\u00e9 r\u00e9v\u00e9l\u00e9e, puisque nous ne savons pas si des animaux peuvent \u00eatre malades apr\u00e8s avoir ing\u00e9r\u00e9 ces plastiques. La question sur le transport d\u2019organismes pathog\u00e8nes (bact\u00e9ries et\/ou virus) reste une question ouverte. Nous trouvons des microplastiques partout, y compris dans l\u2019air que nous respirons. Mais de l\u00e0 \u00e0 dire qu\u2019ils peuvent \u00eatre des vecteurs suffisant pour de prochaines pand\u00e9mies, nous n\u2019en savons rien. Personnellement, j\u2019en doute.<\/p>\n\n\n\n<p><strong>Quelles sont, pour vous, les options et solutions v\u00e9ritablement exploitables et utiles en mati\u00e8re de pollution plastique des oc\u00e9ans\u2009?<\/strong><\/p>\n\n\n\n<p class=\"has-background\" style=\"background-color:#edf7fb\">Un article scientifique publi\u00e9 l\u2019ann\u00e9e derni\u00e8re indiquait que si nous ne faisons rien de plus qu\u2019aujourd\u2019hui dans la gestion des d\u00e9chets, la pollution en mer serait encore augment\u00e9e par 3&nbsp;% d\u2019ici 2040. Inversement, une politique volontariste conduirait \u00e0 une r\u00e9duction de 80&nbsp;%\u2009! \u00c7a signifie que nous avons tout dans les mains pour r\u00e9soudre cette pollution. Trois acteurs cl\u00e9s sont cit\u00e9s dans cet article qui valide le principe de l\u2019\u00e9conomie circulaire&nbsp;: (1) le recyclage, qui n\u2019arrive pas aujourd\u2019hui \u00e0 faire face \u00e0 la quantit\u00e9 de d\u00e9chets que nous g\u00e9n\u00e9rons (15&nbsp;% des d\u00e9chets sont effectivement recycl\u00e9s en France), (2) le comportement des consommateurs qui doivent r\u00e9duire leur consommation de produits \u00e0 usage unique et de produits emball\u00e9s tout en s\u2019attachant \u00e0 jeter leurs d\u00e9chets dans la poubelle (10&nbsp;% des d\u00e9chets finissent aujourd\u2019hui en mer), (3) l\u2019offre des industriels qui doit \u00e9voluer en concertation avec les directives gouvernementales et l\u2019innovation. C\u2019est sur ce dernier aspect de l\u2019innovation que les scientifiques doivent avancer en concertation avec les industriels.<\/p>\n\n\n\n<p><strong>Que pensez-vous des solutions consistant \u00e0 \u00ab\u2009nettoyer\u2009\u00bb les oc\u00e9ans, en aspirant ou r\u00e9coltant les d\u00e9chets plastiques pouvant \u00eatre r\u00e9colt\u00e9s\u2009?<\/strong><\/p>\n\n\n\n<p class=\"has-background\" style=\"background-color:#edf7fb\">Malheureusement, il est impossible de nettoyer les plastiques pr\u00e9sents dans les Oc\u00e9ans. Ils sont partout et une grande partie est sous forme de microplastiques qu\u2019on ne peut pas r\u00e9colter. Inutile donc de mettre des moyens dans ce sens \u00e0 mon avis, tous les moyens doivent \u00eatre mis en amont, dans l\u2019\u00e9conomie circulaire. Passer le message qu\u2019on peut nettoyer les Oc\u00e9ans est faux, et en plus ce message donne l\u2019impression qu\u2019on peut continuer \u00e0 jeter, que quelqu\u2019un nettoiera. Il y a l\u2019\u00e9quivalent d\u2019un camion-benne par minute qui est jet\u00e9 dans les Oc\u00e9ans. C\u2019est en amont de leur arriv\u00e9e en mer que les efforts doivent \u00eatre dirig\u00e9s. Est-il n\u00e9cessaire d\u2019emballer ce concombre pour y mettre le logo Bio\u2009? Ne ferais-je pas mieux d\u2019aller au march\u00e9 pour favoriser la consommation de produits locaux qui est bien moins gourmande en emballage\u2009? Ai-je besoin de savon liquide emball\u00e9 de plastique alors qu\u2019un savon solide a les m\u00eames propri\u00e9t\u00e9s\u2009? Suis-je conscient que des microbilles de plastique sont ajout\u00e9es \u00e0 bon nombre de produits cosm\u00e9tiques que je mets quotidiennement\u2009?<\/p>\n\n\n\n<p><strong>N\u2019est-il pas trop tard pour agir et connait-on les cons\u00e9quences que pourrait potentiellement avoir \u00e0 long terme cette pollution plastique des oc\u00e9ans\u2009?&nbsp;<\/strong><\/p>\n\n\n\n<p class=\"has-background\" style=\"background-color:#edf7fb\">Au contraire. C\u2019est le bon moment pour changer, et je dirai que tous les voyants sont au vert. Nous avons jou\u00e9 notre r\u00f4le de donneur d\u2019alerte en indiquant que nos d\u00e9chets plastiques avaient envahi tous les \u00e9cosyst\u00e8mes de la plan\u00e8te. Et l\u2019homme ing\u00e8re \u00e9galement des plastiques, avec des effets encore peu connus. Le gouvernement, les industriels et les consommateurs ont r\u00e9alis\u00e9 les dangers \u00e0 l\u2019utilisation de ce mat\u00e9riau miracle. Le plastique a des propri\u00e9t\u00e9s fantastiques, mais il doit \u00eatre utilis\u00e9 plus intelligemment. Pourquoi utiliser un mat\u00e9riau fait pour durer pour en faire des objets \u00e0 usage unique et de l\u2019emballage\u2009? Le message est pass\u00e9 et je pense que la prise de conscience est forte. Les solutions existent. Il va simplement falloir du temps pour arriver \u00e0 une gestion durable de l\u2019utilisation du plastique.<\/p>\n\n\n\n<p><strong>Le cadre r\u00e9glementaire actuel, en France ou \u00e0 l\u2019\u00e9chelle europ\u00e9enne voire internationale, vous semble-t-il utile et satisfaisant en mati\u00e8re de lutte contre la pollution plastique des oc\u00e9ans\u2009? Que pensez-vous des discussions actuelles relatives \u00e0 l\u2019adoption d\u2019un nouveau trait\u00e9 international en la mati\u00e8re\u2009?&nbsp;<\/strong><\/p>\n\n\n\n<p class=\"has-background\" style=\"background-color:#edf7fb\">Le gouvernement fran\u00e7ais et les trait\u00e9s internationaux vont dans le bon sens. Il reste n\u00e9anmoins ind\u00e9niable que des lobbies importants p\u00e8sent encore sur les d\u00e9cisions et retardent les applications. Le gouvernement ne doit pas \u00eatre le seul acteur, puisque le consommateur et les industriels ont leur part \u00e0 jouer dans cette crise environnementale. Je parle souvent de \u2018transition plastique\u2019, parce que ces changements vont prendre du temps.<\/p>\n\n\n\n<p><strong>Quel est aujourd\u2019hui le r\u00f4le de la recherche scientifique, \u00e0 la fois en sciences \u00ab\u2009dures\u2009\u00bb et en sciences sociales, dans le cadre de cette lutte contre la pollution plastique\u2009?<\/strong><\/p>\n\n\n\n<p class=\"has-background\" style=\"background-color:#edf7fb\">Nous agissons \u00e0 plusieurs niveaux. \u00c0 la fois comme donneur d\u2019alerte de la condition de pollution de l\u2019environnement, et aussi dans l\u2019innovation pour proposer des solutions durables \u00e0 l\u2019utilisation des plastiques. Nous sommes impliqu\u00e9s \u00e0 la fois au niveau du gouvernement pour l\u2019\u00e9laboration de diff\u00e9rentes directives au niveau national et international, de diff\u00e9rentes organisations non-gouvernementales, et nous sommes en lien avec des industriels impliqu\u00e9s vers des solutions plus durables. Il est important que les scientifiques soient en lien avec les diff\u00e9rents acteurs de cette transition plastique.&nbsp;<\/p>\n\n\n\n<p><\/p>\n\n\n\n<hr class=\"wp-block-separator\"\/>\n\n\n\n<div class=\"wp-block-file\"><a href=\"https:\/\/confluencedesdroits-larevue.com\/wp-content\/uploads\/2022\/12\/Entretien-J.-F.-Ghiglione-12-22.pdf\" target=\"_blank\" rel=\"noreferrer noopener\">Entretien-J.-F.-Ghiglione-12-22<\/a><a href=\"https:\/\/confluencedesdroits-larevue.com\/wp-content\/uploads\/2022\/12\/Entretien-J.-F.-Ghiglione-12-22.pdf\" class=\"wp-block-file__button\" download>T\u00e9l\u00e9charger<\/a><\/div>\n\n\n\n<p><\/p>\n\n\n\n<p class=\"has-very-light-gray-background-color has-background has-small-font-size\">Jean-Fran\u00e7ois Ghiglione, \u00ab\u2009Entretien \u2013 Pollutions plastiques&nbsp;: quelles solutions\u2009?\u2009\u00bb, <em>Confluence des droits_La revue <\/em>[En ligne], 12&nbsp;|&nbsp;2022, mis en ligne le 16 d\u00e9cembre 2022. URL : <a href=\"https:\/\/confluencedesdroits-larevue.com\/?p=2075\">https:\/\/confluencedesdroits-larevue.com\/?p=2075<\/a><\/p>\n\n\n\n<p><\/p>\n\n\n\n<p><\/p>\n\n\n\n<p><\/p>\n\n\n\n<p><\/p>\n\n\n\n<p><\/p>\n","protected":false},"excerpt":{"rendered":"<p>Jean-Fran\u00e7ois Ghiglione, Directeur de recherche CNRS, Laboratoire d&rsquo;Oc\u00e9anographie Microbienne (LOMIC) UMR7621<\/p>\n","protected":false},"author":1,"featured_media":2089,"comment_status":"closed","ping_status":"open","sticky":false,"template":"","format":"standard","meta":{"_editorskit_title_hidden":false,"_editorskit_reading_time":0,"_editorskit_is_block_options_detached":false,"_editorskit_block_options_position":"{}","footnotes":""},"categories":[5,3,6],"tags":[],"yoast_head":"<!-- This site is optimized with the Yoast SEO plugin v21.0 - https:\/\/yoast.com\/wordpress\/plugins\/seo\/ -->\n<title>J.-F. Ghiglione - Entretien - Pollutions plastiques : quelles solutions ? - Confluence des droits_La revue<\/title>\n<meta name=\"robots\" content=\"index, follow, max-snippet:-1, max-image-preview:large, max-video-preview:-1\" \/>\n<link rel=\"canonical\" href=\"https:\/\/confluencedesdroits-larevue.com\/?p=2075\" \/>\n<meta property=\"og:locale\" content=\"fr_FR\" \/>\n<meta property=\"og:type\" content=\"article\" \/>\n<meta property=\"og:title\" content=\"J.-F. Ghiglione - Entretien - Pollutions plastiques : quelles solutions ? - Confluence des droits_La revue\" \/>\n<meta property=\"og:description\" content=\"Jean-Fran\u00e7ois Ghiglione, Directeur de recherche CNRS, Laboratoire d&#039;Oc\u00e9anographie Microbienne (LOMIC) UMR7621\" \/>\n<meta property=\"og:url\" content=\"https:\/\/confluencedesdroits-larevue.com\/?p=2075\" \/>\n<meta property=\"og:site_name\" content=\"Confluence des droits_La revue\" \/>\n<meta property=\"article:published_time\" content=\"2022-12-16T09:00:08+00:00\" \/>\n<meta property=\"article:modified_time\" content=\"2022-12-16T09:33:25+00:00\" \/>\n<meta property=\"og:image\" content=\"https:\/\/confluencedesdroits-larevue.com\/wp-content\/uploads\/2022\/12\/jellyfish-geb6e2ee26_1920JFG.jpg\" \/>\n\t<meta property=\"og:image:width\" content=\"1920\" \/>\n\t<meta property=\"og:image:height\" content=\"1280\" \/>\n\t<meta property=\"og:image:type\" content=\"image\/jpeg\" \/>\n<meta name=\"author\" content=\"DICE Editions\" \/>\n<meta name=\"twitter:card\" content=\"summary_large_image\" \/>\n<meta name=\"twitter:label1\" content=\"\u00c9crit par\" \/>\n\t<meta name=\"twitter:data1\" content=\"DICE Editions\" \/>\n\t<meta name=\"twitter:label2\" content=\"Dur\u00e9e de lecture estim\u00e9e\" \/>\n\t<meta name=\"twitter:data2\" content=\"7 minutes\" \/>\n<script type=\"application\/ld+json\" class=\"yoast-schema-graph\">{\"@context\":\"https:\/\/schema.org\",\"@graph\":[{\"@type\":\"Article\",\"@id\":\"https:\/\/confluencedesdroits-larevue.com\/?p=2075#article\",\"isPartOf\":{\"@id\":\"https:\/\/confluencedesdroits-larevue.com\/?p=2075\"},\"author\":{\"name\":\"DICE Editions\",\"@id\":\"https:\/\/confluencedesdroits-larevue.com\/#\/schema\/person\/1fb21dc7050f6350098f95676051aa5d\"},\"headline\":\"J.-F. Ghiglione &#8211; Entretien &#8211; Pollutions plastiques : quelles solutions ?\",\"datePublished\":\"2022-12-16T09:00:08+00:00\",\"dateModified\":\"2022-12-16T09:33:25+00:00\",\"mainEntityOfPage\":{\"@id\":\"https:\/\/confluencedesdroits-larevue.com\/?p=2075\"},\"wordCount\":1522,\"publisher\":{\"@id\":\"https:\/\/confluencedesdroits-larevue.com\/#organization\"},\"articleSection\":[\"Actu\",\"Articles\",\"Entretiens\"],\"inLanguage\":\"fr-FR\"},{\"@type\":\"WebPage\",\"@id\":\"https:\/\/confluencedesdroits-larevue.com\/?p=2075\",\"url\":\"https:\/\/confluencedesdroits-larevue.com\/?p=2075\",\"name\":\"J.-F. Ghiglione - Entretien - Pollutions plastiques : quelles solutions ? - Confluence des droits_La revue\",\"isPartOf\":{\"@id\":\"https:\/\/confluencedesdroits-larevue.com\/#website\"},\"datePublished\":\"2022-12-16T09:00:08+00:00\",\"dateModified\":\"2022-12-16T09:33:25+00:00\",\"breadcrumb\":{\"@id\":\"https:\/\/confluencedesdroits-larevue.com\/?p=2075#breadcrumb\"},\"inLanguage\":\"fr-FR\",\"potentialAction\":[{\"@type\":\"ReadAction\",\"target\":[\"https:\/\/confluencedesdroits-larevue.com\/?p=2075\"]}]},{\"@type\":\"BreadcrumbList\",\"@id\":\"https:\/\/confluencedesdroits-larevue.com\/?p=2075#breadcrumb\",\"itemListElement\":[{\"@type\":\"ListItem\",\"position\":1,\"name\":\"Accueil\",\"item\":\"https:\/\/confluencedesdroits-larevue.com\/\"},{\"@type\":\"ListItem\",\"position\":2,\"name\":\"J.-F. Ghiglione &#8211; Entretien &#8211; Pollutions plastiques : quelles solutions ?\"}]},{\"@type\":\"WebSite\",\"@id\":\"https:\/\/confluencedesdroits-larevue.com\/#website\",\"url\":\"https:\/\/confluencedesdroits-larevue.com\/\",\"name\":\"Confluence des droits_La revue\",\"description\":\"UMR 7318 Droits International, Compar\u00e9 et Europ\u00e9en\",\"publisher\":{\"@id\":\"https:\/\/confluencedesdroits-larevue.com\/#organization\"},\"potentialAction\":[{\"@type\":\"SearchAction\",\"target\":{\"@type\":\"EntryPoint\",\"urlTemplate\":\"https:\/\/confluencedesdroits-larevue.com\/?s={search_term_string}\"},\"query-input\":\"required name=search_term_string\"}],\"inLanguage\":\"fr-FR\"},{\"@type\":\"Organization\",\"@id\":\"https:\/\/confluencedesdroits-larevue.com\/#organization\",\"name\":\"Confluence des droits_La revue\",\"url\":\"https:\/\/confluencedesdroits-larevue.com\/\",\"logo\":{\"@type\":\"ImageObject\",\"inLanguage\":\"fr-FR\",\"@id\":\"https:\/\/confluencedesdroits-larevue.com\/#\/schema\/logo\/image\/\",\"url\":\"https:\/\/confluencedesdroits-larevue.com\/wp-content\/uploads\/2024\/05\/Confluence-des-droits_La-revue.png\",\"contentUrl\":\"https:\/\/confluencedesdroits-larevue.com\/wp-content\/uploads\/2024\/05\/Confluence-des-droits_La-revue.png\",\"width\":3934,\"height\":613,\"caption\":\"Confluence des droits_La revue\"},\"image\":{\"@id\":\"https:\/\/confluencedesdroits-larevue.com\/#\/schema\/logo\/image\/\"}},{\"@type\":\"Person\",\"@id\":\"https:\/\/confluencedesdroits-larevue.com\/#\/schema\/person\/1fb21dc7050f6350098f95676051aa5d\",\"name\":\"DICE Editions\",\"image\":{\"@type\":\"ImageObject\",\"inLanguage\":\"fr-FR\",\"@id\":\"https:\/\/confluencedesdroits-larevue.com\/#\/schema\/person\/image\/\",\"url\":\"https:\/\/secure.gravatar.com\/avatar\/3968f759bb17a499dacee37aa303772f?s=96&d=mm&r=g\",\"contentUrl\":\"https:\/\/secure.gravatar.com\/avatar\/3968f759bb17a499dacee37aa303772f?s=96&d=mm&r=g\",\"caption\":\"DICE Editions\"},\"url\":\"https:\/\/confluencedesdroits-larevue.com\/?author=1\"}]}<\/script>\n<!-- \/ Yoast SEO plugin. -->","yoast_head_json":{"title":"J.-F. Ghiglione - Entretien - Pollutions plastiques : quelles solutions ? - Confluence des droits_La revue","robots":{"index":"index","follow":"follow","max-snippet":"max-snippet:-1","max-image-preview":"max-image-preview:large","max-video-preview":"max-video-preview:-1"},"canonical":"https:\/\/confluencedesdroits-larevue.com\/?p=2075","og_locale":"fr_FR","og_type":"article","og_title":"J.-F. Ghiglione - Entretien - Pollutions plastiques : quelles solutions ? - Confluence des droits_La revue","og_description":"Jean-Fran\u00e7ois Ghiglione, Directeur de recherche CNRS, Laboratoire d'Oc\u00e9anographie Microbienne (LOMIC) UMR7621","og_url":"https:\/\/confluencedesdroits-larevue.com\/?p=2075","og_site_name":"Confluence des droits_La revue","article_published_time":"2022-12-16T09:00:08+00:00","article_modified_time":"2022-12-16T09:33:25+00:00","og_image":[{"width":1920,"height":1280,"url":"https:\/\/confluencedesdroits-larevue.com\/wp-content\/uploads\/2022\/12\/jellyfish-geb6e2ee26_1920JFG.jpg","type":"image\/jpeg"}],"author":"DICE Editions","twitter_card":"summary_large_image","twitter_misc":{"\u00c9crit par":"DICE Editions","Dur\u00e9e de lecture estim\u00e9e":"7 minutes"},"schema":{"@context":"https:\/\/schema.org","@graph":[{"@type":"Article","@id":"https:\/\/confluencedesdroits-larevue.com\/?p=2075#article","isPartOf":{"@id":"https:\/\/confluencedesdroits-larevue.com\/?p=2075"},"author":{"name":"DICE Editions","@id":"https:\/\/confluencedesdroits-larevue.com\/#\/schema\/person\/1fb21dc7050f6350098f95676051aa5d"},"headline":"J.-F. Ghiglione &#8211; Entretien &#8211; Pollutions plastiques : quelles solutions ?","datePublished":"2022-12-16T09:00:08+00:00","dateModified":"2022-12-16T09:33:25+00:00","mainEntityOfPage":{"@id":"https:\/\/confluencedesdroits-larevue.com\/?p=2075"},"wordCount":1522,"publisher":{"@id":"https:\/\/confluencedesdroits-larevue.com\/#organization"},"articleSection":["Actu","Articles","Entretiens"],"inLanguage":"fr-FR"},{"@type":"WebPage","@id":"https:\/\/confluencedesdroits-larevue.com\/?p=2075","url":"https:\/\/confluencedesdroits-larevue.com\/?p=2075","name":"J.-F. Ghiglione - Entretien - Pollutions plastiques : quelles solutions ? - Confluence des droits_La revue","isPartOf":{"@id":"https:\/\/confluencedesdroits-larevue.com\/#website"},"datePublished":"2022-12-16T09:00:08+00:00","dateModified":"2022-12-16T09:33:25+00:00","breadcrumb":{"@id":"https:\/\/confluencedesdroits-larevue.com\/?p=2075#breadcrumb"},"inLanguage":"fr-FR","potentialAction":[{"@type":"ReadAction","target":["https:\/\/confluencedesdroits-larevue.com\/?p=2075"]}]},{"@type":"BreadcrumbList","@id":"https:\/\/confluencedesdroits-larevue.com\/?p=2075#breadcrumb","itemListElement":[{"@type":"ListItem","position":1,"name":"Accueil","item":"https:\/\/confluencedesdroits-larevue.com\/"},{"@type":"ListItem","position":2,"name":"J.-F. Ghiglione &#8211; Entretien &#8211; Pollutions plastiques : quelles solutions ?"}]},{"@type":"WebSite","@id":"https:\/\/confluencedesdroits-larevue.com\/#website","url":"https:\/\/confluencedesdroits-larevue.com\/","name":"Confluence des droits_La revue","description":"UMR 7318 Droits International, Compar\u00e9 et Europ\u00e9en","publisher":{"@id":"https:\/\/confluencedesdroits-larevue.com\/#organization"},"potentialAction":[{"@type":"SearchAction","target":{"@type":"EntryPoint","urlTemplate":"https:\/\/confluencedesdroits-larevue.com\/?s={search_term_string}"},"query-input":"required name=search_term_string"}],"inLanguage":"fr-FR"},{"@type":"Organization","@id":"https:\/\/confluencedesdroits-larevue.com\/#organization","name":"Confluence des droits_La revue","url":"https:\/\/confluencedesdroits-larevue.com\/","logo":{"@type":"ImageObject","inLanguage":"fr-FR","@id":"https:\/\/confluencedesdroits-larevue.com\/#\/schema\/logo\/image\/","url":"https:\/\/confluencedesdroits-larevue.com\/wp-content\/uploads\/2024\/05\/Confluence-des-droits_La-revue.png","contentUrl":"https:\/\/confluencedesdroits-larevue.com\/wp-content\/uploads\/2024\/05\/Confluence-des-droits_La-revue.png","width":3934,"height":613,"caption":"Confluence des droits_La revue"},"image":{"@id":"https:\/\/confluencedesdroits-larevue.com\/#\/schema\/logo\/image\/"}},{"@type":"Person","@id":"https:\/\/confluencedesdroits-larevue.com\/#\/schema\/person\/1fb21dc7050f6350098f95676051aa5d","name":"DICE Editions","image":{"@type":"ImageObject","inLanguage":"fr-FR","@id":"https:\/\/confluencedesdroits-larevue.com\/#\/schema\/person\/image\/","url":"https:\/\/secure.gravatar.com\/avatar\/3968f759bb17a499dacee37aa303772f?s=96&d=mm&r=g","contentUrl":"https:\/\/secure.gravatar.com\/avatar\/3968f759bb17a499dacee37aa303772f?s=96&d=mm&r=g","caption":"DICE Editions"},"url":"https:\/\/confluencedesdroits-larevue.com\/?author=1"}]}},"post_mailing_queue_ids":[],"_links":{"self":[{"href":"https:\/\/confluencedesdroits-larevue.com\/index.php?rest_route=\/wp\/v2\/posts\/2075"}],"collection":[{"href":"https:\/\/confluencedesdroits-larevue.com\/index.php?rest_route=\/wp\/v2\/posts"}],"about":[{"href":"https:\/\/confluencedesdroits-larevue.com\/index.php?rest_route=\/wp\/v2\/types\/post"}],"author":[{"embeddable":true,"href":"https:\/\/confluencedesdroits-larevue.com\/index.php?rest_route=\/wp\/v2\/users\/1"}],"replies":[{"embeddable":true,"href":"https:\/\/confluencedesdroits-larevue.com\/index.php?rest_route=%2Fwp%2Fv2%2Fcomments&post=2075"}],"version-history":[{"count":6,"href":"https:\/\/confluencedesdroits-larevue.com\/index.php?rest_route=\/wp\/v2\/posts\/2075\/revisions"}],"predecessor-version":[{"id":2090,"href":"https:\/\/confluencedesdroits-larevue.com\/index.php?rest_route=\/wp\/v2\/posts\/2075\/revisions\/2090"}],"wp:featuredmedia":[{"embeddable":true,"href":"https:\/\/confluencedesdroits-larevue.com\/index.php?rest_route=\/wp\/v2\/media\/2089"}],"wp:attachment":[{"href":"https:\/\/confluencedesdroits-larevue.com\/index.php?rest_route=%2Fwp%2Fv2%2Fmedia&parent=2075"}],"wp:term":[{"taxonomy":"category","embeddable":true,"href":"https:\/\/confluencedesdroits-larevue.com\/index.php?rest_route=%2Fwp%2Fv2%2Fcategories&post=2075"},{"taxonomy":"post_tag","embeddable":true,"href":"https:\/\/confluencedesdroits-larevue.com\/index.php?rest_route=%2Fwp%2Fv2%2Ftags&post=2075"}],"curies":[{"name":"wp","href":"https:\/\/api.w.org\/{rel}","templated":true}]}}