{"id":2049,"date":"2022-05-16T12:00:00","date_gmt":"2022-05-16T10:00:00","guid":{"rendered":"https:\/\/confluencedesdroits-larevue.com\/?p=2049"},"modified":"2023-01-09T11:52:04","modified_gmt":"2023-01-09T10:52:04","slug":"2049","status":"publish","type":"post","link":"https:\/\/confluencedesdroits-larevue.com\/?p=2049","title":{"rendered":"Hugues Dumont, \u00c9tat de droit &#038;\u00a0d\u00e9mocratie\u00a0: une\u00a0liaison n\u00e9cessaire mais\u00a0conflictuelle"},"content":{"rendered":"\n<p class=\"has-text-align-center has-very-light-gray-background-color has-background\"><strong><em>Hugues Dumont, Professeur \u00e0 l&rsquo;Universit\u00e9 Saint-Louis (Bruxelles)<\/em><\/strong><\/p>\n\n\n\n<figure class=\"wp-block-embed is-type-video is-provider-youtube wp-block-embed-youtube wp-embed-aspect-16-9 wp-has-aspect-ratio\"><div class=\"wp-block-embed__wrapper\">\n<iframe loading=\"lazy\" title=\"Hugues DUMONT, \u00c9tat de droit &amp; d\u00e9mocratie : une liaison n\u00e9cessaire mais conflictuelle\" width=\"770\" height=\"433\" src=\"https:\/\/www.youtube.com\/embed\/hNu-hg0HVkU?feature=oembed\" frameborder=\"0\" allow=\"accelerometer; autoplay; clipboard-write; encrypted-media; gyroscope; picture-in-picture\" allowfullscreen><\/iframe>\n<\/div><\/figure>\n\n\n\n<p><em>16 mai 2022<\/em><\/p>\n","protected":false},"excerpt":{"rendered":"<p>Hugues Dumont, Professeur \u00e0 l&rsquo;Universit\u00e9 Saint-Louis (Bruxelles)<\/p>\n","protected":false},"author":2,"featured_media":2302,"comment_status":"closed","ping_status":"open","sticky":false,"template":"","format":"standard","meta":{"_editorskit_title_hidden":false,"_editorskit_reading_time":0,"_editorskit_is_block_options_detached":false,"_editorskit_block_options_position":"{}","footnotes":""},"categories":[5,4],"tags":[],"yoast_head":"<!-- This site is optimized with the Yoast SEO plugin v21.0 - https:\/\/yoast.com\/wordpress\/plugins\/seo\/ -->\n<title>Hugues Dumont, \u00c9tat de droit &amp;\u00a0d\u00e9mocratie\u00a0: une\u00a0liaison n\u00e9cessaire mais\u00a0conflictuelle - Confluence des droits_La revue<\/title>\n<meta name=\"robots\" content=\"index, follow, max-snippet:-1, max-image-preview:large, max-video-preview:-1\" \/>\n<link rel=\"canonical\" href=\"https:\/\/confluencedesdroits-larevue.com\/?p=2049\" \/>\n<meta property=\"og:locale\" content=\"fr_FR\" \/>\n<meta property=\"og:type\" content=\"article\" \/>\n<meta property=\"og:title\" content=\"Hugues Dumont, \u00c9tat de droit &amp;\u00a0d\u00e9mocratie\u00a0: une\u00a0liaison n\u00e9cessaire mais\u00a0conflictuelle - Confluence des droits_La revue\" \/>\n<meta property=\"og:description\" content=\"Hugues Dumont, Professeur \u00e0 l&#039;Universit\u00e9 Saint-Louis (Bruxelles)\" \/>\n<meta property=\"og:url\" content=\"https:\/\/confluencedesdroits-larevue.com\/?p=2049\" \/>\n<meta property=\"og:site_name\" content=\"Confluence des droits_La revue\" \/>\n<meta property=\"article:published_time\" content=\"2022-05-16T10:00:00+00:00\" \/>\n<meta property=\"article:modified_time\" content=\"2023-01-09T10:52:04+00:00\" \/>\n<meta property=\"og:image\" content=\"https:\/\/confluencedesdroits-larevue.com\/wp-content\/uploads\/2023\/09\/HDUMONT.jpg\" \/>\n\t<meta property=\"og:image:width\" content=\"1536\" \/>\n\t<meta property=\"og:image:height\" content=\"1024\" \/>\n\t<meta property=\"og:image:type\" content=\"image\/jpeg\" \/>\n<meta name=\"author\" content=\"DICE \u00c9ditions\" \/>\n<meta name=\"twitter:card\" content=\"summary_large_image\" \/>\n<meta name=\"twitter:label1\" content=\"\u00c9crit par\" \/>\n\t<meta name=\"twitter:data1\" content=\"DICE \u00c9ditions\" \/>\n\t<meta name=\"twitter:label2\" content=\"Dur\u00e9e de lecture estim\u00e9e\" \/>\n\t<meta name=\"twitter:data2\" content=\"1 minute\" \/>\n<script type=\"application\/ld+json\" class=\"yoast-schema-graph\">{\"@context\":\"https:\/\/schema.org\",\"@graph\":[{\"@type\":\"Article\",\"@id\":\"https:\/\/confluencedesdroits-larevue.com\/?p=2049#article\",\"isPartOf\":{\"@id\":\"https:\/\/confluencedesdroits-larevue.com\/?p=2049\"},\"author\":{\"name\":\"DICE \u00c9ditions\",\"@id\":\"https:\/\/confluencedesdroits-larevue.com\/#\/schema\/person\/5c2bef570684d183d7f5a81e4107304c\"},\"headline\":\"Hugues Dumont, \u00c9tat de droit &#038;\u00a0d\u00e9mocratie\u00a0: une\u00a0liaison n\u00e9cessaire mais\u00a0conflictuelle\",\"datePublished\":\"2022-05-16T10:00:00+00:00\",\"dateModified\":\"2023-01-09T10:52:04+00:00\",\"mainEntityOfPage\":{\"@id\":\"https:\/\/confluencedesdroits-larevue.com\/?p=2049\"},\"wordCount\":28,\"publisher\":{\"@id\":\"https:\/\/confluencedesdroits-larevue.com\/#organization\"},\"articleSection\":[\"Actu\",\"Conf\u00e9rences en vid\u00e9o\"],\"inLanguage\":\"fr-FR\"},{\"@type\":\"WebPage\",\"@id\":\"https:\/\/confluencedesdroits-larevue.com\/?p=2049\",\"url\":\"https:\/\/confluencedesdroits-larevue.com\/?p=2049\",\"name\":\"Hugues Dumont, \u00c9tat de droit &\u00a0d\u00e9mocratie\u00a0: une\u00a0liaison n\u00e9cessaire mais\u00a0conflictuelle - Confluence des droits_La revue\",\"isPartOf\":{\"@id\":\"https:\/\/confluencedesdroits-larevue.com\/#website\"},\"datePublished\":\"2022-05-16T10:00:00+00:00\",\"dateModified\":\"2023-01-09T10:52:04+00:00\",\"breadcrumb\":{\"@id\":\"https:\/\/confluencedesdroits-larevue.com\/?p=2049#breadcrumb\"},\"inLanguage\":\"fr-FR\",\"potentialAction\":[{\"@type\":\"ReadAction\",\"target\":[\"https:\/\/confluencedesdroits-larevue.com\/?p=2049\"]}]},{\"@type\":\"BreadcrumbList\",\"@id\":\"https:\/\/confluencedesdroits-larevue.com\/?p=2049#breadcrumb\",\"itemListElement\":[{\"@type\":\"ListItem\",\"position\":1,\"name\":\"Accueil\",\"item\":\"https:\/\/confluencedesdroits-larevue.com\/\"},{\"@type\":\"ListItem\",\"position\":2,\"name\":\"Hugues Dumont, \u00c9tat de droit &#038;\u00a0d\u00e9mocratie\u00a0: une\u00a0liaison n\u00e9cessaire mais\u00a0conflictuelle\"}]},{\"@type\":\"WebSite\",\"@id\":\"https:\/\/confluencedesdroits-larevue.com\/#website\",\"url\":\"https:\/\/confluencedesdroits-larevue.com\/\",\"name\":\"Confluence des droits_La revue\",\"description\":\"UMR 7318 Droits International, Compar\u00e9 et Europ\u00e9en\",\"publisher\":{\"@id\":\"https:\/\/confluencedesdroits-larevue.com\/#organization\"},\"potentialAction\":[{\"@type\":\"SearchAction\",\"target\":{\"@type\":\"EntryPoint\",\"urlTemplate\":\"https:\/\/confluencedesdroits-larevue.com\/?s={search_term_string}\"},\"query-input\":\"required name=search_term_string\"}],\"inLanguage\":\"fr-FR\"},{\"@type\":\"Organization\",\"@id\":\"https:\/\/confluencedesdroits-larevue.com\/#organization\",\"name\":\"Confluence des droits_La revue\",\"url\":\"https:\/\/confluencedesdroits-larevue.com\/\",\"logo\":{\"@type\":\"ImageObject\",\"inLanguage\":\"fr-FR\",\"@id\":\"https:\/\/confluencedesdroits-larevue.com\/#\/schema\/logo\/image\/\",\"url\":\"https:\/\/confluencedesdroits-larevue.com\/wp-content\/uploads\/2024\/05\/Confluence-des-droits_La-revue.png\",\"contentUrl\":\"https:\/\/confluencedesdroits-larevue.com\/wp-content\/uploads\/2024\/05\/Confluence-des-droits_La-revue.png\",\"width\":3934,\"height\":613,\"caption\":\"Confluence des droits_La revue\"},\"image\":{\"@id\":\"https:\/\/confluencedesdroits-larevue.com\/#\/schema\/logo\/image\/\"}},{\"@type\":\"Person\",\"@id\":\"https:\/\/confluencedesdroits-larevue.com\/#\/schema\/person\/5c2bef570684d183d7f5a81e4107304c\",\"name\":\"DICE \u00c9ditions\",\"image\":{\"@type\":\"ImageObject\",\"inLanguage\":\"fr-FR\",\"@id\":\"https:\/\/confluencedesdroits-larevue.com\/#\/schema\/person\/image\/\",\"url\":\"https:\/\/secure.gravatar.com\/avatar\/c7dfd2401bef8b8be87ab2a215ca0435?s=96&d=mm&r=g\",\"contentUrl\":\"https:\/\/secure.gravatar.com\/avatar\/c7dfd2401bef8b8be87ab2a215ca0435?s=96&d=mm&r=g\",\"caption\":\"DICE \u00c9ditions\"},\"url\":\"https:\/\/confluencedesdroits-larevue.com\/?author=2\"}]}<\/script>\n<!-- \/ Yoast SEO plugin. -->","yoast_head_json":{"title":"Hugues Dumont, \u00c9tat de droit &\u00a0d\u00e9mocratie\u00a0: une\u00a0liaison n\u00e9cessaire mais\u00a0conflictuelle - Confluence des droits_La revue","robots":{"index":"index","follow":"follow","max-snippet":"max-snippet:-1","max-image-preview":"max-image-preview:large","max-video-preview":"max-video-preview:-1"},"canonical":"https:\/\/confluencedesdroits-larevue.com\/?p=2049","og_locale":"fr_FR","og_type":"article","og_title":"Hugues Dumont, \u00c9tat de droit &\u00a0d\u00e9mocratie\u00a0: une\u00a0liaison n\u00e9cessaire mais\u00a0conflictuelle - Confluence des droits_La revue","og_description":"Hugues Dumont, Professeur \u00e0 l'Universit\u00e9 Saint-Louis (Bruxelles)","og_url":"https:\/\/confluencedesdroits-larevue.com\/?p=2049","og_site_name":"Confluence des droits_La revue","article_published_time":"2022-05-16T10:00:00+00:00","article_modified_time":"2023-01-09T10:52:04+00:00","og_image":[{"width":1536,"height":1024,"url":"https:\/\/confluencedesdroits-larevue.com\/wp-content\/uploads\/2023\/09\/HDUMONT.jpg","type":"image\/jpeg"}],"author":"DICE \u00c9ditions","twitter_card":"summary_large_image","twitter_misc":{"\u00c9crit par":"DICE \u00c9ditions","Dur\u00e9e de lecture estim\u00e9e":"1 minute"},"schema":{"@context":"https:\/\/schema.org","@graph":[{"@type":"Article","@id":"https:\/\/confluencedesdroits-larevue.com\/?p=2049#article","isPartOf":{"@id":"https:\/\/confluencedesdroits-larevue.com\/?p=2049"},"author":{"name":"DICE \u00c9ditions","@id":"https:\/\/confluencedesdroits-larevue.com\/#\/schema\/person\/5c2bef570684d183d7f5a81e4107304c"},"headline":"Hugues Dumont, \u00c9tat de droit &#038;\u00a0d\u00e9mocratie\u00a0: une\u00a0liaison n\u00e9cessaire mais\u00a0conflictuelle","datePublished":"2022-05-16T10:00:00+00:00","dateModified":"2023-01-09T10:52:04+00:00","mainEntityOfPage":{"@id":"https:\/\/confluencedesdroits-larevue.com\/?p=2049"},"wordCount":28,"publisher":{"@id":"https:\/\/confluencedesdroits-larevue.com\/#organization"},"articleSection":["Actu","Conf\u00e9rences en vid\u00e9o"],"inLanguage":"fr-FR"},{"@type":"WebPage","@id":"https:\/\/confluencedesdroits-larevue.com\/?p=2049","url":"https:\/\/confluencedesdroits-larevue.com\/?p=2049","name":"Hugues Dumont, \u00c9tat de droit &\u00a0d\u00e9mocratie\u00a0: une\u00a0liaison n\u00e9cessaire mais\u00a0conflictuelle - Confluence des droits_La revue","isPartOf":{"@id":"https:\/\/confluencedesdroits-larevue.com\/#website"},"datePublished":"2022-05-16T10:00:00+00:00","dateModified":"2023-01-09T10:52:04+00:00","breadcrumb":{"@id":"https:\/\/confluencedesdroits-larevue.com\/?p=2049#breadcrumb"},"inLanguage":"fr-FR","potentialAction":[{"@type":"ReadAction","target":["https:\/\/confluencedesdroits-larevue.com\/?p=2049"]}]},{"@type":"BreadcrumbList","@id":"https:\/\/confluencedesdroits-larevue.com\/?p=2049#breadcrumb","itemListElement":[{"@type":"ListItem","position":1,"name":"Accueil","item":"https:\/\/confluencedesdroits-larevue.com\/"},{"@type":"ListItem","position":2,"name":"Hugues Dumont, \u00c9tat de droit &#038;\u00a0d\u00e9mocratie\u00a0: une\u00a0liaison n\u00e9cessaire mais\u00a0conflictuelle"}]},{"@type":"WebSite","@id":"https:\/\/confluencedesdroits-larevue.com\/#website","url":"https:\/\/confluencedesdroits-larevue.com\/","name":"Confluence des droits_La revue","description":"UMR 7318 Droits International, Compar\u00e9 et Europ\u00e9en","publisher":{"@id":"https:\/\/confluencedesdroits-larevue.com\/#organization"},"potentialAction":[{"@type":"SearchAction","target":{"@type":"EntryPoint","urlTemplate":"https:\/\/confluencedesdroits-larevue.com\/?s={search_term_string}"},"query-input":"required name=search_term_string"}],"inLanguage":"fr-FR"},{"@type":"Organization","@id":"https:\/\/confluencedesdroits-larevue.com\/#organization","name":"Confluence des droits_La revue","url":"https:\/\/confluencedesdroits-larevue.com\/","logo":{"@type":"ImageObject","inLanguage":"fr-FR","@id":"https:\/\/confluencedesdroits-larevue.com\/#\/schema\/logo\/image\/","url":"https:\/\/confluencedesdroits-larevue.com\/wp-content\/uploads\/2024\/05\/Confluence-des-droits_La-revue.png","contentUrl":"https:\/\/confluencedesdroits-larevue.com\/wp-content\/uploads\/2024\/05\/Confluence-des-droits_La-revue.png","width":3934,"height":613,"caption":"Confluence des droits_La revue"},"image":{"@id":"https:\/\/confluencedesdroits-larevue.com\/#\/schema\/logo\/image\/"}},{"@type":"Person","@id":"https:\/\/confluencedesdroits-larevue.com\/#\/schema\/person\/5c2bef570684d183d7f5a81e4107304c","name":"DICE \u00c9ditions","image":{"@type":"ImageObject","inLanguage":"fr-FR","@id":"https:\/\/confluencedesdroits-larevue.com\/#\/schema\/person\/image\/","url":"https:\/\/secure.gravatar.com\/avatar\/c7dfd2401bef8b8be87ab2a215ca0435?s=96&d=mm&r=g","contentUrl":"https:\/\/secure.gravatar.com\/avatar\/c7dfd2401bef8b8be87ab2a215ca0435?s=96&d=mm&r=g","caption":"DICE \u00c9ditions"},"url":"https:\/\/confluencedesdroits-larevue.com\/?author=2"}]}},"post_mailing_queue_ids":[],"_links":{"self":[{"href":"https:\/\/confluencedesdroits-larevue.com\/index.php?rest_route=\/wp\/v2\/posts\/2049"}],"collection":[{"href":"https:\/\/confluencedesdroits-larevue.com\/index.php?rest_route=\/wp\/v2\/posts"}],"about":[{"href":"https:\/\/confluencedesdroits-larevue.com\/index.php?rest_route=\/wp\/v2\/types\/post"}],"author":[{"embeddable":true,"href":"https:\/\/confluencedesdroits-larevue.com\/index.php?rest_route=\/wp\/v2\/users\/2"}],"replies":[{"embeddable":true,"href":"https:\/\/confluencedesdroits-larevue.com\/index.php?rest_route=%2Fwp%2Fv2%2Fcomments&post=2049"}],"version-history":[{"count":3,"href":"https:\/\/confluencedesdroits-larevue.com\/index.php?rest_route=\/wp\/v2\/posts\/2049\/revisions"}],"predecessor-version":[{"id":2054,"href":"https:\/\/confluencedesdroits-larevue.com\/index.php?rest_route=\/wp\/v2\/posts\/2049\/revisions\/2054"}],"wp:featuredmedia":[{"embeddable":true,"href":"https:\/\/confluencedesdroits-larevue.com\/index.php?rest_route=\/wp\/v2\/media\/2302"}],"wp:attachment":[{"href":"https:\/\/confluencedesdroits-larevue.com\/index.php?rest_route=%2Fwp%2Fv2%2Fmedia&parent=2049"}],"wp:term":[{"taxonomy":"category","embeddable":true,"href":"https:\/\/confluencedesdroits-larevue.com\/index.php?rest_route=%2Fwp%2Fv2%2Fcategories&post=2049"},{"taxonomy":"post_tag","embeddable":true,"href":"https:\/\/confluencedesdroits-larevue.com\/index.php?rest_route=%2Fwp%2Fv2%2Ftags&post=2049"}],"curies":[{"name":"wp","href":"https:\/\/api.w.org\/{rel}","templated":true}]}}